{"id":35417,"date":"2014-07-20T14:16:00","date_gmt":"2014-07-20T17:16:00","guid":{"rendered":"http:\/\/aconteceunovale.com.br\/portal\/?p=35417"},"modified":"2014-07-20T14:21:58","modified_gmt":"2014-07-20T17:21:58","slug":"eleitorado-de-capelinha-e-o-que-mais-cresceu-nos-ultimos-8-anos-nos-vales-do-jequitinhonha-e-mucuri","status":"publish","type":"post","link":"https:\/\/aconteceunovale.com.br\/portal\/?p=35417","title":{"rendered":"Eleitorado de Capelinha \u00e9 o que mais cresceu nos \u00faltimos 8 anos nos Vales do Jequitinhonha e Mucuri"},"content":{"rendered":"<p>O eleitorado de Capelinha \u00e9 o que mais cresceu nos \u00faltimos oito anos em compara\u00e7\u00e3o com as 74 cidades da regi\u00e3o dos Vales do Jequitinhonha e Mucuri. Analisamos os n\u00fameros divulgados pelo Tribunal Superior Eleitoral (TSE), considerado o per\u00edodo de junho de 2006 a junho de 2014. Capelinha registrou um aumento de 3979 eleitores, seguida por Diamantina com 3859 e Te\u00f3filo Otoni com 3294.<\/p>\n<p>Considerando o n\u00famero total de eleitores, Capelinha aparece na 6\u00aa posi\u00e7\u00e3o com 25463 eleitores. As primeiras posi\u00e7\u00f5es s\u00e3o ocupadas por Te\u00f3filo Otoni com 102897 eleitores, Diamantina com 35832, Nanuque com 31336, Almenara com 29197 e Ara\u00e7ua\u00ed com 27848.<\/p>\n<p><img decoding=\"async\" src=\"http:\/\/aconteceunovale.com.br\/portal\/wp-content\/uploads\/2014\/07\/capelinha_mg_18_5.jpg\" alt=\"\" \/><em>(Capelinha registrou um aumento de 3979 eleitores &#8211; Foto: Divulga\u00e7\u00e3o \/ Facebook Tico Neves)<\/em><br \/>\n<\/br><\/p>\n<p>Outro n\u00famero que chamou nossa aten\u00e7\u00e3o foi \u00e0 redu\u00e7\u00e3o do eleitorado em algumas cidades. Exemplo de Medina, Santo Ant\u00f4nio do Jacinto e Jacinto, no baixo Jequitinhonha. Em Medina, munic\u00edpio que mais perdeu eleitores nos Vales do Jequitinhonha e Mucuri, o TSE registou uma redu\u00e7\u00e3o de 1707 eleitores no per\u00edodo de oito anos analisado pelo Aconteceu no Vale.<\/p>\n<p>As duas regi\u00f5es de Minas Gerais possui um eleitorado total de 838902. Nos \u00faltimos oito anos esse n\u00famero aumentou em 45656 eleitores. <a href=\"http:\/\/aconteceunovale.com.br\/portal\/wp-content\/uploads\/2014\/07\/eleitorado_jequi_mucuri_8_anos.pdf\" target=\"_blank\">Clique aqui acessar os dados de todos os munic\u00edpios dos Vales do Jequitinhonha e Mucuri<\/a>.<\/p>\n<p><em>(Fonte: Portal Aconteceu no Vale \/ Colaborou H\u00e9lio Souza)<\/em><\/p>\n","protected":false},"excerpt":{"rendered":"<p>O eleitorado de Capelinha \u00e9 o que mais cresceu nos \u00faltimos oito anos em compara\u00e7\u00e3o com as 74 cidades da regi\u00e3o dos Vales do Jequitinhonha e Mucuri. Analisamos os n\u00fameros divulgados pelo Tribunal Superior Eleitoral (TSE), considerado o per\u00edodo de junho de 2006 a junho de 2014. Capelinha registrou um aumento de 3979 eleitores, seguida [&hellip;]<\/p>\n","protected":false},"author":1,"featured_media":35283,"comment_status":"open","ping_status":"closed","sticky":false,"template":"","format":"standard","meta":{"amp_status":"","footnotes":""},"categories":[120],"tags":[1536,142,657,186,551,183,353,841,1798,1107,132,11961,490,557,1175,660,481,426,483,5618,2453,3279,1018,198,354,11962,879,136,187,1089,3136,510,2998,191,149,391,189,408,1218,611,475,917,344,480,2236,226,355,389,137,410,252,175,3138,1806,572,411,447,455,444,3139,5660,3928,407,409,990,699,674,783,439,2793,168,164,11977,11967,11993,11970,11995,12027,11996,12007,11985,12030,11963,11972,11989,12014,11983,12000,12020,12031,11998,12028,11986,11964,12006,12001,12008,12023,11990,12010,12024,11978,11979,11971,11988,11992,12033,11984,11981,11997,12003,12009,11975,12002,12032,12005,12021,12036,11969,12004,12025,11965,11987,11974,12013,12016,12015,11991,11976,11982,12018,12026,12034,12029,12022,12017,12035,12019,11999,11980,11973,11966,11968,12012,11994,12011,178,1812,206030,916,482],"class_list":["post-35417","post","type-post","status-publish","format-standard","has-post-thumbnail","hentry","category-jequi","tag-aguas-formosas","tag-almenara","tag-angelandia","tag-aracuai","tag-aricanduva","tag-ataleia","tag-bandeira","tag-berilo","tag-bertopolis","tag-cachoeira-do-pajeu","tag-capelinha","tag-capelinha-registrou-o-maior-crescimento-no-eleitorado-em-oito-anos-nos-vales-do-jequitinhonha-e-mucuri","tag-carai","tag-carbonita","tag-carlos-chagas","tag-catuji","tag-chapada-do-norte","tag-comercinho","tag-coronel-murta","tag-couto-magalhaes-de-minas","tag-crisolita","tag-datas","tag-destaque","tag-diamantina","tag-divisopolis","tag-eleitorado-de-capelinha-e-o-que-mais-cresceu-nos-ultimos-8-anos-nos-vales-do-jequitinhonha-e-mucuri","tag-felicio-dos-santos","tag-felisburgo","tag-francisco-badaro","tag-franciscopolis","tag-frei-gaspar","tag-fronteira-dos-vales","tag-gouveia","tag-itaipe","tag-itamarandiba","tag-itaobim","tag-itinga","tag-jacinto","tag-jenipapo-de-minas","tag-joaima","tag-jordania","tag-jose-goncalves-de-minas","tag-ladainha","tag-leme-do-prado","tag-machacalis","tag-malacacheta","tag-mata-verde","tag-medina","tag-minas-novas","tag-monte-formoso","tag-nanuque","tag-novo-cruzeiro","tag-novo-oriente-de-minas","tag-ouro-verde-de-minas","tag-padre-paraiso","tag-palmopolis","tag-pavao","tag-pedra-azul","tag-ponto-dos-volantes","tag-pote","tag-presidente-kubitschek","tag-rio-do-prado","tag-rubim","tag-salto-da-divisa","tag-santa-helena-de-minas","tag-santa-maria-do-salto","tag-santo-antonio-do-jacinto","tag-sao-goncalo-do-rio-preto","tag-senador-modestino-goncalves","tag-serra-dos-aimores","tag-setubinha","tag-teofilo-otoni","tag-total-de-eleitores-de-aguas-formosas","tag-total-de-eleitores-de-almenara","tag-total-de-eleitores-de-angelandia","tag-total-de-eleitores-de-aracuai","tag-total-de-eleitores-de-aricanduva","tag-total-de-eleitores-de-ataleia","tag-total-de-eleitores-de-bandeira","tag-total-de-eleitores-de-berilo","tag-total-de-eleitores-de-bertopolis","tag-total-de-eleitores-de-cachoeira-do-pajeu","tag-total-de-eleitores-de-capelinha","tag-total-de-eleitores-de-carai","tag-total-de-eleitores-de-carbonita","tag-total-de-eleitores-de-carlos-chagas","tag-total-de-eleitores-de-catuji","tag-total-de-eleitores-de-chapada-do-norte","tag-total-de-eleitores-de-comercinho","tag-total-de-eleitores-de-coronel-murta","tag-total-de-eleitores-de-couto-magalhaes-de-minas","tag-total-de-eleitores-de-crisolita","tag-total-de-eleitores-de-datas","tag-total-de-eleitores-de-diamantina","tag-total-de-eleitores-de-divisopolis","tag-total-de-eleitores-de-felicio-dos-santos","tag-total-de-eleitores-de-felisburgo","tag-total-de-eleitores-de-francisco-badaro","tag-total-de-eleitores-de-franciscopolis","tag-total-de-eleitores-de-frei-gaspar","tag-total-de-eleitores-de-fronteira-dos-vales","tag-total-de-eleitores-de-gouveia","tag-total-de-eleitores-de-itaipe","tag-total-de-eleitores-de-itamarandiba","tag-total-de-eleitores-de-itaobim","tag-total-de-eleitores-de-itinga","tag-total-de-eleitores-de-jacinto","tag-total-de-eleitores-de-jenipapo-de-minas","tag-total-de-eleitores-de-jequitinhonha","tag-total-de-eleitores-de-joaima","tag-total-de-eleitores-de-jordania","tag-total-de-eleitores-de-jose-goncalves-de-minas","tag-total-de-eleitores-de-ladainha","tag-total-de-eleitores-de-leme-do-prado","tag-total-de-eleitores-de-machacalis","tag-total-de-eleitores-de-malacacheta","tag-total-de-eleitores-de-mata-verde","tag-total-de-eleitores-de-medina","tag-total-de-eleitores-de-minas-novas","tag-total-de-eleitores-de-monte-formoso","tag-total-de-eleitores-de-nanuque","tag-total-de-eleitores-de-novo-cruzeiro","tag-total-de-eleitores-de-novo-oriente-de-minas","tag-total-de-eleitores-de-ouro-verde-de-minas","tag-total-de-eleitores-de-padre-paraiso","tag-total-de-eleitores-de-palmopolis","tag-total-de-eleitores-de-pavao","tag-total-de-eleitores-de-pedra-azul","tag-total-de-eleitores-de-ponto-dos-volantes","tag-total-de-eleitores-de-pote","tag-total-de-eleitores-de-presidente-kubitschek","tag-total-de-eleitores-de-rio-do-prado","tag-total-de-eleitores-de-rubim","tag-total-de-eleitores-de-salto-da-divisa","tag-total-de-eleitores-de-santa-helena-de-minas","tag-total-de-eleitores-de-santa-maria-do-salto","tag-total-de-eleitores-de-santo-antonio-do-jacinto","tag-total-de-eleitores-de-sao-goncalo-do-rio-preto","tag-total-de-eleitores-de-senador-modestino-goncalves","tag-total-de-eleitores-de-serra-dos-aimores","tag-total-de-eleitores-de-setubinha","tag-total-de-eleitores-de-teofilo-otoni","tag-total-de-eleitores-de-turmalina","tag-total-de-eleitores-de-umburatiba","tag-total-de-eleitores-de-veredinha","tag-total-de-eleitores-de-virgem-da-lapa","tag-turmalina","tag-umburatiba","tag-jequi","tag-veredinha","tag-virgem-da-lapa"],"_links":{"self":[{"href":"https:\/\/aconteceunovale.com.br\/portal\/index.php?rest_route=\/wp\/v2\/posts\/35417","targetHints":{"allow":["GET"]}}],"collection":[{"href":"https:\/\/aconteceunovale.com.br\/portal\/index.php?rest_route=\/wp\/v2\/posts"}],"about":[{"href":"https:\/\/aconteceunovale.com.br\/portal\/index.php?rest_route=\/wp\/v2\/types\/post"}],"author":[{"embeddable":true,"href":"https:\/\/aconteceunovale.com.br\/portal\/index.php?rest_route=\/wp\/v2\/users\/1"}],"replies":[{"embeddable":true,"href":"https:\/\/aconteceunovale.com.br\/portal\/index.php?rest_route=%2Fwp%2Fv2%2Fcomments&post=35417"}],"version-history":[{"count":0,"href":"https:\/\/aconteceunovale.com.br\/portal\/index.php?rest_route=\/wp\/v2\/posts\/35417\/revisions"}],"wp:featuredmedia":[{"embeddable":true,"href":"https:\/\/aconteceunovale.com.br\/portal\/index.php?rest_route=\/wp\/v2\/media\/35283"}],"wp:attachment":[{"href":"https:\/\/aconteceunovale.com.br\/portal\/index.php?rest_route=%2Fwp%2Fv2%2Fmedia&parent=35417"}],"wp:term":[{"taxonomy":"category","embeddable":true,"href":"https:\/\/aconteceunovale.com.br\/portal\/index.php?rest_route=%2Fwp%2Fv2%2Fcategories&post=35417"},{"taxonomy":"post_tag","embeddable":true,"href":"https:\/\/aconteceunovale.com.br\/portal\/index.php?rest_route=%2Fwp%2Fv2%2Ftags&post=35417"}],"curies":[{"name":"wp","href":"https:\/\/api.w.org\/{rel}","templated":true}]}}