{"id":35410,"date":"2014-07-20T10:04:25","date_gmt":"2014-07-20T13:04:25","guid":{"rendered":"http:\/\/aconteceunovale.com.br\/portal\/?p=35410"},"modified":"2014-07-20T10:04:25","modified_gmt":"2014-07-20T13:04:25","slug":"suspeito-de-esfaquear-desafeto-e-preso-em-ponto-de-moto-taxi-em-montes-claros","status":"publish","type":"post","link":"https:\/\/aconteceunovale.com.br\/portal\/?p=35410","title":{"rendered":"Suspeito de esfaquear desafeto \u00e9 preso em ponto de moto t\u00e1xi em Montes Claros"},"content":{"rendered":"<p>Um homem de 29 anos foi preso nesse s\u00e1bado (19), em Montes Claros, no Norte do Estado, suspeito de esfaquear um desafeto durante uma briga. De acordo com a Pol\u00edcia Militar (PM), o crime aconteceu na Avenida das Orqu\u00eddeas, no residencial Vit\u00f3ria.<\/p>\n<p>Ainda segundo a PM, na sexta-feira (18), o suspeito teria amea\u00e7ado matar a m\u00e3e da v\u00edtima. Nesse s\u00e1bado, ele teria feito novas amea\u00e7as e come\u00e7ado uma discuss\u00e3o com o desafeto. Durante a briga, o suspeito pegou uma faca grande e acertou o bra\u00e7o e a barriga da v\u00edtima. O ferido foi socorrido pelo Servi\u00e7o de Atendimento M\u00f3vel de Urg\u00eancia (Samu) e levado para o Hospital Universit\u00e1rio.<\/p>\n<p>Ap\u00f3s o crime, o suspeito fugiu em um \u00f4nibus da linha 1702 e foi localizado, mais tarde, em um ponto de moto t\u00e1xi, na Avenida Jo\u00e3o XXIII. Ele disse aos militares que jogou a faca em um matagal e a arma n\u00e3o foi localizada. O autor foi encaminhado \u00e0 delegacia de Montes Claros. (O Tempo)<\/p>\n","protected":false},"excerpt":{"rendered":"<p>Um homem de 29 anos foi preso nesse s\u00e1bado (19), em Montes Claros, no Norte do Estado, suspeito de esfaquear um desafeto durante uma briga. De acordo com a Pol\u00edcia Militar (PM), o crime aconteceu na Avenida das Orqu\u00eddeas, no residencial Vit\u00f3ria. Ainda segundo a PM, na sexta-feira (18), o suspeito teria amea\u00e7ado matar a [&hellip;]<\/p>\n","protected":false},"author":1,"featured_media":33316,"comment_status":"open","ping_status":"closed","sticky":false,"template":"","format":"standard","meta":{"amp_status":"","footnotes":""},"categories":[1236],"tags":[210,11950],"class_list":["post-35410","post","type-post","status-publish","format-standard","has-post-thumbnail","hentry","category-norte_de_minas","tag-montes-claros","tag-suspeito-de-esfaquear-desafeto-e-preso-em-ponto-de-moto-taxi-em-montes-claros"],"_links":{"self":[{"href":"https:\/\/aconteceunovale.com.br\/portal\/index.php?rest_route=\/wp\/v2\/posts\/35410","targetHints":{"allow":["GET"]}}],"collection":[{"href":"https:\/\/aconteceunovale.com.br\/portal\/index.php?rest_route=\/wp\/v2\/posts"}],"about":[{"href":"https:\/\/aconteceunovale.com.br\/portal\/index.php?rest_route=\/wp\/v2\/types\/post"}],"author":[{"embeddable":true,"href":"https:\/\/aconteceunovale.com.br\/portal\/index.php?rest_route=\/wp\/v2\/users\/1"}],"replies":[{"embeddable":true,"href":"https:\/\/aconteceunovale.com.br\/portal\/index.php?rest_route=%2Fwp%2Fv2%2Fcomments&post=35410"}],"version-history":[{"count":0,"href":"https:\/\/aconteceunovale.com.br\/portal\/index.php?rest_route=\/wp\/v2\/posts\/35410\/revisions"}],"wp:featuredmedia":[{"embeddable":true,"href":"https:\/\/aconteceunovale.com.br\/portal\/index.php?rest_route=\/wp\/v2\/media\/33316"}],"wp:attachment":[{"href":"https:\/\/aconteceunovale.com.br\/portal\/index.php?rest_route=%2Fwp%2Fv2%2Fmedia&parent=35410"}],"wp:term":[{"taxonomy":"category","embeddable":true,"href":"https:\/\/aconteceunovale.com.br\/portal\/index.php?rest_route=%2Fwp%2Fv2%2Fcategories&post=35410"},{"taxonomy":"post_tag","embeddable":true,"href":"https:\/\/aconteceunovale.com.br\/portal\/index.php?rest_route=%2Fwp%2Fv2%2Ftags&post=35410"}],"curies":[{"name":"wp","href":"https:\/\/api.w.org\/{rel}","templated":true}]}}