{"id":35376,"date":"2014-07-19T18:38:34","date_gmt":"2014-07-19T21:38:34","guid":{"rendered":"http:\/\/aconteceunovale.com.br\/portal\/?p=35376"},"modified":"2014-07-19T18:38:34","modified_gmt":"2014-07-19T21:38:34","slug":"jovem-morre-eletrocutado-no-centro-socioeducativo-de-governador-valadares","status":"publish","type":"post","link":"https:\/\/aconteceunovale.com.br\/portal\/?p=35376","title":{"rendered":"Jovem morre eletrocutado no Centro Socioeducativo de Governador Valadares"},"content":{"rendered":"<p>Um jovem de 17 anos morreu neste s\u00e1bado, 19 de julho, no Centro Socioeducativo de Governador Valadares, no Leste de Minas Gerais.<\/p>\n<p>De acordo com as primeiras informa\u00e7\u00f5es, Hemanuel Pereira Brum tentou usar fios da rede el\u00e9trica do Centro Socioeducativo S\u00e3o Francisco de Assis (CSESFA) para acender um cigarro e acabou morrendo eletrocutado.<\/p>\n<p>A Per\u00edcia t\u00e9cnica da Pol\u00edcia Civil foi acionada e ap\u00f3s os trabalhos de praxe, o corpo foi removido para o Instituto M\u00e9dico Legal para demais provid\u00eancias.<\/p>\n<p>O CSESFA, antigo Centro de Interna\u00e7\u00e3o para Adolescentes, est\u00e1 localizado na Rua Espera Feliz, n\u00ba 700, no Bairro Santos Drumond II.<\/p>\n<p><img decoding=\"async\" src=\"http:\/\/aconteceunovale.com.br\/portal\/wp-content\/uploads\/2014\/07\/eletrocutado_cse_gv_19_7.jpg\" alt=\"\" \/><em>(Foto: Roberto Higino \/ Reprodu\u00e7\u00e3o Facebook Caso de Pol\u00edcia)<\/em><\/p>\n","protected":false},"excerpt":{"rendered":"<p>Um jovem de 17 anos morreu neste s\u00e1bado, 19 de julho, no Centro Socioeducativo de Governador Valadares, no Leste de Minas Gerais. De acordo com as primeiras informa\u00e7\u00f5es, Hemanuel Pereira Brum tentou usar fios da rede el\u00e9trica do Centro Socioeducativo S\u00e3o Francisco de Assis (CSESFA) para acender um cigarro e acabou morrendo eletrocutado. A Per\u00edcia [&hellip;]<\/p>\n","protected":false},"author":1,"featured_media":35377,"comment_status":"open","ping_status":"closed","sticky":false,"template":"","format":"standard","meta":{"amp_status":"","footnotes":""},"categories":[121],"tags":[247,11910,11909],"class_list":["post-35376","post","type-post","status-publish","format-standard","has-post-thumbnail","hentry","category-leste","tag-governador-valadares","tag-hemanuel-pereira-brum","tag-jovem-morre-eletrocutado-no-centro-socioeducativo-de-governador-valadares"],"_links":{"self":[{"href":"https:\/\/aconteceunovale.com.br\/portal\/index.php?rest_route=\/wp\/v2\/posts\/35376","targetHints":{"allow":["GET"]}}],"collection":[{"href":"https:\/\/aconteceunovale.com.br\/portal\/index.php?rest_route=\/wp\/v2\/posts"}],"about":[{"href":"https:\/\/aconteceunovale.com.br\/portal\/index.php?rest_route=\/wp\/v2\/types\/post"}],"author":[{"embeddable":true,"href":"https:\/\/aconteceunovale.com.br\/portal\/index.php?rest_route=\/wp\/v2\/users\/1"}],"replies":[{"embeddable":true,"href":"https:\/\/aconteceunovale.com.br\/portal\/index.php?rest_route=%2Fwp%2Fv2%2Fcomments&post=35376"}],"version-history":[{"count":0,"href":"https:\/\/aconteceunovale.com.br\/portal\/index.php?rest_route=\/wp\/v2\/posts\/35376\/revisions"}],"wp:featuredmedia":[{"embeddable":true,"href":"https:\/\/aconteceunovale.com.br\/portal\/index.php?rest_route=\/wp\/v2\/media\/35377"}],"wp:attachment":[{"href":"https:\/\/aconteceunovale.com.br\/portal\/index.php?rest_route=%2Fwp%2Fv2%2Fmedia&parent=35376"}],"wp:term":[{"taxonomy":"category","embeddable":true,"href":"https:\/\/aconteceunovale.com.br\/portal\/index.php?rest_route=%2Fwp%2Fv2%2Fcategories&post=35376"},{"taxonomy":"post_tag","embeddable":true,"href":"https:\/\/aconteceunovale.com.br\/portal\/index.php?rest_route=%2Fwp%2Fv2%2Ftags&post=35376"}],"curies":[{"name":"wp","href":"https:\/\/api.w.org\/{rel}","templated":true}]}}