{"id":35248,"date":"2014-07-18T12:23:35","date_gmt":"2014-07-18T15:23:35","guid":{"rendered":"http:\/\/aconteceunovale.com.br\/portal\/?p=35248"},"modified":"2014-07-18T12:23:35","modified_gmt":"2014-07-18T15:23:35","slug":"exposicao-agropecuaria-de-januaria-deve-atrair-30-mil-visitantes-neste-final-de-semana","status":"publish","type":"post","link":"https:\/\/aconteceunovale.com.br\/portal\/?p=35248","title":{"rendered":"Exposi\u00e7\u00e3o Agropecu\u00e1ria de Janu\u00e1ria deve atrair 30 mil visitantes neste final de semana"},"content":{"rendered":"<h4><strong>&#8216;ExpoJanu&#8217; ser\u00e1 realizada at\u00e9 domingo (20) no parque Ast\u00e9rio Itabayana. Esta \u00e9 a segunda vez que evento \u00e9 realizado.<\/strong><\/h4>\n<p>O Sindicato Rural de Janu\u00e1ria promove at\u00e9 o domingo (20) a ExpoJanu. 30 mil pessoas devem prestigiar o evento, que est\u00e1 sendo realizado no parque Ast\u00e9rio Itabayana. A expectativa de neg\u00f3cios gira em torno de R$ 1,3 milh\u00e3o. 30 mil pessoas devem prestigiar o evento. 12 estandes e uma Feira da Agricultura Familiar foram montados.<\/p>\n<p>A exposi\u00e7\u00e3o est\u00e1 sendo realizada pelo segundo ano consecutivo, e o presidente do Sindicato Rural, Marcelo Souto, explica que \u201ca inten\u00e7\u00e3o \u00e9 resgatar a for\u00e7a dos eventos agropecu\u00e1rios j\u00e1 realizados no munic\u00edpio na d\u00e9cada de 1980\u201d.  Ele conta que durante 15 anos foram realizadas feiras de menor porte na cidade, que tem um potencial muito maior e que precisa ser explorado.<\/p>\n<p><img decoding=\"async\" src=\"http:\/\/aconteceunovale.com.br\/portal\/wp-content\/uploads\/2014\/07\/expo_janu_14_1.jpg\" alt=\"\" \/><em>800 animais devem ser leiloados durante o evento (Foto: Reprodu\u00e7\u00e3o \/ Inter TV)<\/em><br \/>\n<\/br><\/p>\n<p>\u201cH\u00e1 cinco anos estamos fazendo um trabalho de resgate das ra\u00edzes agropecu\u00e1rias do munic\u00edpio. Come\u00e7amos realizando pequenos encontros para que os produtores de cada comunidade mostrassem o que tem de melhor, mas percebemos que seria importante agregar todos eles e todo o fruto do trabalho deles em um mesmo espa\u00e7o\u201d, destaca.<\/p>\n<p>Os 12 estandes s\u00e3o voltados principalmente para as empresas de m\u00e1quinas agr\u00edcolas. \u201cA exposi\u00e7\u00e3o re\u00fane muitos produtores rurais, por isso elimino o trabalho de ir a campo e tenho a oportunidade de mostrar a marca e o produto, al\u00e9m de poder trocar contatos\u201d, fala o gerente comercial Daniel Guimar\u00e3es.<\/p>\n<p>\u201cAs pessoas gostaram muito dos animais comercializados no ano passado e o Sindicato Rural nos chamou e n\u00f3s viemos\u201d, diz Alex Sandro Pambu, expositor de gado.<\/p>\n<p>Segundo a organiza\u00e7\u00e3o da exposi\u00e7\u00e3o, 800 cabe\u00e7as devem ser leiloadas durante os dias de festa. Outro atrativo da festa \u00e9 a mini fazenda, onde \u00e9 poss\u00edvel ter contato com mini p\u00f4nei, mini boi e lhama. Entre as novidades desta edi\u00e7\u00e3o est\u00e1 o team penning e a vaquejada. A entrada, inclusive \u00e0 noite, para os shows, \u00e9 gratuita.<\/p>\n<p>Nesta sexta tem shows com Forroz\u00e3o do Povo e Forro Black, na s\u00e1bado tem shows de Maracutaia e Banda Aquarius, no domingo haver\u00e1 shows de Pegada Bamba.<\/p>\n<p><img decoding=\"async\" src=\"http:\/\/aconteceunovale.com.br\/portal\/wp-content\/uploads\/2014\/07\/expo_janu_14_2.jpg\" alt=\"\" \/><em>M\u00e1quinas agr\u00edcolas s\u00e3o destaque na exposi\u00e7\u00e3o (Foto: Reprodu\u00e7\u00e3o \/ Inter TV)<\/em><br \/>\n<\/br><\/p>\n<p><strong><em>(Inter TV Grande Minas)<\/em><\/strong><\/p>\n","protected":false},"excerpt":{"rendered":"<p>&#8216;ExpoJanu&#8217; ser\u00e1 realizada at\u00e9 domingo (20) no parque Ast\u00e9rio Itabayana. Esta \u00e9 a segunda vez que evento \u00e9 realizado. O Sindicato Rural de Janu\u00e1ria promove at\u00e9 o domingo (20) a ExpoJanu. 30 mil pessoas devem prestigiar o evento, que est\u00e1 sendo realizado no parque Ast\u00e9rio Itabayana. A expectativa de neg\u00f3cios gira em torno de R$ [&hellip;]<\/p>\n","protected":false},"author":1,"featured_media":35249,"comment_status":"open","ping_status":"closed","sticky":false,"template":"","format":"standard","meta":{"amp_status":"","footnotes":""},"categories":[125],"tags":[11769,11767,11768,11771,11770,205],"class_list":["post-35248","post","type-post","status-publish","format-standard","has-post-thumbnail","hentry","category-noticias","tag-30-mil-pessoas-devem-prestigiar-a-exposicao-de-januaria","tag-expojanu","tag-expojanu-2014","tag-exposicao-agropecuaria-de-januaria-deve-atrair-30-mil-visitantes-neste-final-de-semana","tag-exposicao-em-januaria-oferta-800-cabecas-de-gado-em-leiloes","tag-januaria"],"_links":{"self":[{"href":"https:\/\/aconteceunovale.com.br\/portal\/index.php?rest_route=\/wp\/v2\/posts\/35248","targetHints":{"allow":["GET"]}}],"collection":[{"href":"https:\/\/aconteceunovale.com.br\/portal\/index.php?rest_route=\/wp\/v2\/posts"}],"about":[{"href":"https:\/\/aconteceunovale.com.br\/portal\/index.php?rest_route=\/wp\/v2\/types\/post"}],"author":[{"embeddable":true,"href":"https:\/\/aconteceunovale.com.br\/portal\/index.php?rest_route=\/wp\/v2\/users\/1"}],"replies":[{"embeddable":true,"href":"https:\/\/aconteceunovale.com.br\/portal\/index.php?rest_route=%2Fwp%2Fv2%2Fcomments&post=35248"}],"version-history":[{"count":0,"href":"https:\/\/aconteceunovale.com.br\/portal\/index.php?rest_route=\/wp\/v2\/posts\/35248\/revisions"}],"wp:featuredmedia":[{"embeddable":true,"href":"https:\/\/aconteceunovale.com.br\/portal\/index.php?rest_route=\/wp\/v2\/media\/35249"}],"wp:attachment":[{"href":"https:\/\/aconteceunovale.com.br\/portal\/index.php?rest_route=%2Fwp%2Fv2%2Fmedia&parent=35248"}],"wp:term":[{"taxonomy":"category","embeddable":true,"href":"https:\/\/aconteceunovale.com.br\/portal\/index.php?rest_route=%2Fwp%2Fv2%2Fcategories&post=35248"},{"taxonomy":"post_tag","embeddable":true,"href":"https:\/\/aconteceunovale.com.br\/portal\/index.php?rest_route=%2Fwp%2Fv2%2Ftags&post=35248"}],"curies":[{"name":"wp","href":"https:\/\/api.w.org\/{rel}","templated":true}]}}