{"id":35239,"date":"2014-07-18T11:54:54","date_gmt":"2014-07-18T14:54:54","guid":{"rendered":"http:\/\/aconteceunovale.com.br\/portal\/?p=35239"},"modified":"2014-07-18T11:54:54","modified_gmt":"2014-07-18T14:54:54","slug":"policia-civil-divulga-retrato-falado-de-assassino-do-lider-do-movimento-sem-teto-de-inhapim","status":"publish","type":"post","link":"https:\/\/aconteceunovale.com.br\/portal\/?p=35239","title":{"rendered":"Pol\u00edcia Civil divulga retrato falado de assassino do l\u00edder do Movimento Sem-teto de Inhapim"},"content":{"rendered":"<p>A Pol\u00edcia Civil divulgou nesta sexta-feira (18), o retrato falado do assassino de um dos l\u00edderes do Movimento Sem-teto de Inhapim, o MSTI. Rondineli Marcelino Dias, de 33 anos, ele foi morto com um tiro na cabe\u00e7a no \u00faltimo dia 07 de julho.<\/p>\n<p>O assassinato aconteceu nas terras do Patronato. Propriedade invadida pelos sem-teto em setembro do ano passado. A morte de Rondineli pode ter sido encomendada. Segundo uma testemunha, um dia antes do crime ele recebeu uma liga\u00e7\u00e3o e foi amea\u00e7ado de morte por um homem.<\/p>\n<p>Ap\u00f3s ouvir a principal testemunha, a Pol\u00edcia Civil desempenhou o trabalho e apresentou o retrato falado do assassino. A delegada respons\u00e1vel pelo caso, Tatiana Neves, solicita a quem tiver informa\u00e7\u00f5es sobre o acusado denuncie atrav\u00e9s do 181. O anonimato \u00e9 garantido.<\/p>\n<p><img decoding=\"async\" src=\"http:\/\/aconteceunovale.com.br\/portal\/wp-content\/uploads\/2014\/07\/assassino_msti_inhapim.jpg\" alt=\"\" \/><\/p>\n<p><strong><em>(Foto e informa\u00e7\u00f5es da TV Super Canal)<\/em><\/strong><\/p>\n","protected":false},"excerpt":{"rendered":"<p>A Pol\u00edcia Civil divulgou nesta sexta-feira (18), o retrato falado do assassino de um dos l\u00edderes do Movimento Sem-teto de Inhapim, o MSTI. Rondineli Marcelino Dias, de 33 anos, ele foi morto com um tiro na cabe\u00e7a no \u00faltimo dia 07 de julho. O assassinato aconteceu nas terras do Patronato. Propriedade invadida pelos sem-teto em [&hellip;]<\/p>\n","protected":false},"author":1,"featured_media":35240,"comment_status":"open","ping_status":"closed","sticky":false,"template":"","format":"standard","meta":{"amp_status":"","footnotes":""},"categories":[121],"tags":[11762,296,11761,11763,10586],"class_list":["post-35239","post","type-post","status-publish","format-standard","has-post-thumbnail","hentry","category-leste","tag-assassino-do-lider-do-movimento-sem-teto-de-inhapim","tag-inhapim","tag-policia-civil-divulga-retrato-falado-de-assassino-do-lider-do-movimento-sem-teto-de-inhapim","tag-retrato-falado-de-assassino-do-lider-do-movimento-sem-teto-de-inhapim","tag-rondineli-marcelino-dias"],"_links":{"self":[{"href":"https:\/\/aconteceunovale.com.br\/portal\/index.php?rest_route=\/wp\/v2\/posts\/35239","targetHints":{"allow":["GET"]}}],"collection":[{"href":"https:\/\/aconteceunovale.com.br\/portal\/index.php?rest_route=\/wp\/v2\/posts"}],"about":[{"href":"https:\/\/aconteceunovale.com.br\/portal\/index.php?rest_route=\/wp\/v2\/types\/post"}],"author":[{"embeddable":true,"href":"https:\/\/aconteceunovale.com.br\/portal\/index.php?rest_route=\/wp\/v2\/users\/1"}],"replies":[{"embeddable":true,"href":"https:\/\/aconteceunovale.com.br\/portal\/index.php?rest_route=%2Fwp%2Fv2%2Fcomments&post=35239"}],"version-history":[{"count":0,"href":"https:\/\/aconteceunovale.com.br\/portal\/index.php?rest_route=\/wp\/v2\/posts\/35239\/revisions"}],"wp:featuredmedia":[{"embeddable":true,"href":"https:\/\/aconteceunovale.com.br\/portal\/index.php?rest_route=\/wp\/v2\/media\/35240"}],"wp:attachment":[{"href":"https:\/\/aconteceunovale.com.br\/portal\/index.php?rest_route=%2Fwp%2Fv2%2Fmedia&parent=35239"}],"wp:term":[{"taxonomy":"category","embeddable":true,"href":"https:\/\/aconteceunovale.com.br\/portal\/index.php?rest_route=%2Fwp%2Fv2%2Fcategories&post=35239"},{"taxonomy":"post_tag","embeddable":true,"href":"https:\/\/aconteceunovale.com.br\/portal\/index.php?rest_route=%2Fwp%2Fv2%2Ftags&post=35239"}],"curies":[{"name":"wp","href":"https:\/\/api.w.org\/{rel}","templated":true}]}}