{"id":35235,"date":"2014-07-18T11:40:58","date_gmt":"2014-07-18T14:40:58","guid":{"rendered":"http:\/\/aconteceunovale.com.br\/portal\/?p=35235"},"modified":"2014-07-18T11:41:36","modified_gmt":"2014-07-18T14:41:36","slug":"coluna-realiza-27a-edicao-do-encontro-de-colunenses-ausentes-neste-final-de-semana","status":"publish","type":"post","link":"https:\/\/aconteceunovale.com.br\/portal\/?p=35235","title":{"rendered":"Coluna realiza 27\u00aa Edi\u00e7\u00e3o do Encontro de Colunenses Ausentes neste final de semana"},"content":{"rendered":"<p>Come\u00e7ou ontem (17) a 27\u00aa Edi\u00e7\u00e3o do Encontro de Colunenses e Amigos de Coluna, cidade da microrregi\u00e3o de Guanh\u00e3es, no Leste de Minas Gerais. O evento \u00e9 realizado na Pra\u00e7a Herculano Torres, na regi\u00e3o central.<\/p>\n<p>A festa segue at\u00e9 domingo com programa\u00e7\u00e3o variada e ao gosto de todos os p\u00fablicos. Para mais informa\u00e7\u00f5es sobre o evento, acesse a <a href=\"https:\/\/www.facebook.com\/pages\/Prefeitura-Municipal-de-Coluna-MG\/495313800528508?fref=ts\" target=\"_blank\">p\u00e1gina da Prefeitura no Facebook<\/a>.<\/p>\n<p><img decoding=\"async\" src=\"https:\/\/fbcdn-sphotos-a-a.akamaihd.net\/hphotos-ak-xfp1\/t1.0-9\/10534428_282900468556075_5919641337999412020_n.jpg\" alt=\"\" \/><\/p>\n","protected":false},"excerpt":{"rendered":"<p>Come\u00e7ou ontem (17) a 27\u00aa Edi\u00e7\u00e3o do Encontro de Colunenses e Amigos de Coluna, cidade da microrregi\u00e3o de Guanh\u00e3es, no Leste de Minas Gerais. O evento \u00e9 realizado na Pra\u00e7a Herculano Torres, na regi\u00e3o central. A festa segue at\u00e9 domingo com programa\u00e7\u00e3o variada e ao gosto de todos os p\u00fablicos. Para mais informa\u00e7\u00f5es sobre o [&hellip;]<\/p>\n","protected":false},"author":1,"featured_media":35236,"comment_status":"open","ping_status":"closed","sticky":false,"template":"","format":"standard","meta":{"amp_status":"","footnotes":""},"categories":[125],"tags":[11760,281,11759],"class_list":["post-35235","post","type-post","status-publish","format-standard","has-post-thumbnail","hentry","category-noticias","tag-27a-edicao-do-encontro-de-colunenses-ausentes","tag-coluna","tag-coluna-realiza-27a-edicao-do-encontro-de-colunenses-ausentes-neste-final-de-semana"],"_links":{"self":[{"href":"https:\/\/aconteceunovale.com.br\/portal\/index.php?rest_route=\/wp\/v2\/posts\/35235","targetHints":{"allow":["GET"]}}],"collection":[{"href":"https:\/\/aconteceunovale.com.br\/portal\/index.php?rest_route=\/wp\/v2\/posts"}],"about":[{"href":"https:\/\/aconteceunovale.com.br\/portal\/index.php?rest_route=\/wp\/v2\/types\/post"}],"author":[{"embeddable":true,"href":"https:\/\/aconteceunovale.com.br\/portal\/index.php?rest_route=\/wp\/v2\/users\/1"}],"replies":[{"embeddable":true,"href":"https:\/\/aconteceunovale.com.br\/portal\/index.php?rest_route=%2Fwp%2Fv2%2Fcomments&post=35235"}],"version-history":[{"count":0,"href":"https:\/\/aconteceunovale.com.br\/portal\/index.php?rest_route=\/wp\/v2\/posts\/35235\/revisions"}],"wp:featuredmedia":[{"embeddable":true,"href":"https:\/\/aconteceunovale.com.br\/portal\/index.php?rest_route=\/wp\/v2\/media\/35236"}],"wp:attachment":[{"href":"https:\/\/aconteceunovale.com.br\/portal\/index.php?rest_route=%2Fwp%2Fv2%2Fmedia&parent=35235"}],"wp:term":[{"taxonomy":"category","embeddable":true,"href":"https:\/\/aconteceunovale.com.br\/portal\/index.php?rest_route=%2Fwp%2Fv2%2Fcategories&post=35235"},{"taxonomy":"post_tag","embeddable":true,"href":"https:\/\/aconteceunovale.com.br\/portal\/index.php?rest_route=%2Fwp%2Fv2%2Ftags&post=35235"}],"curies":[{"name":"wp","href":"https:\/\/api.w.org\/{rel}","templated":true}]}}