{"id":35232,"date":"2014-07-18T11:13:48","date_gmt":"2014-07-18T14:13:48","guid":{"rendered":"http:\/\/aconteceunovale.com.br\/portal\/?p=35232"},"modified":"2014-07-18T11:13:48","modified_gmt":"2014-07-18T14:13:48","slug":"teofilo-otoni-realiza-a-8a-edicao-da-mostra-empresarial-do-nordeste-mineiro","status":"publish","type":"post","link":"https:\/\/aconteceunovale.com.br\/portal\/?p=35232","title":{"rendered":"Te\u00f3filo Otoni realiza a 8\u00aa Edi\u00e7\u00e3o da Mostra Empresarial do Nordeste Mineiro"},"content":{"rendered":"<p>A Mostra Empresarial do Nordeste Mineiro, Exponor 2014, que ser\u00e1 realizada entre os dias 24 e 27 de julho, no Expominas IV, ter\u00e1 sua 8\u00aa edi\u00e7\u00e3o este ano. Com o tema: \u201cComo os empreendedores mudar\u00e3o a hist\u00f3ria dos tr\u00eas vales: Mucuri, Jequitinhonha e S\u00e3o Mateus\u201d, a feira \u00e9 uma parceria entre a Prefeitura de Te\u00f3filo Otoni, o Sindcom\u00e9rcio e a Associa\u00e7\u00e3o Comercial.<\/p>\n<p>Ao todo ser\u00e3o 176 estandes fornecidos para expositores de Te\u00f3filo Otoni e regi\u00e3o, com o objetivo de reunir, em um \u00fanico lugar, representantes do com\u00e9rcio varejista e atacadista de bens e servi\u00e7os, representantes de grandes e pequenas marcas e fornecedores de segmentos variados.<\/p>\n<p>A feira se destaca por ser uma oportunidade para o empresariado mostrar a qualidade de seus produtos e fechar novos neg\u00f3cios.  <\/p>\n<p>Al\u00e9m dos estandes, palestras, pe\u00e7as teatrais e shows v\u00e3o fazer parte da programa\u00e7\u00e3o da feira este ano. Destaque para o show do cantor Leoni (24\/7), autor de sucessos como: &#8216;Por Que N\u00e3o Eu?&#8217;, &#8216;S\u00f3 Pro Meu Prazer&#8217; e &#8216;Garotos&#8217;.<\/p>\n<p>Todos est\u00e3o convidados a participar da Exponor 2014 que este ano, a exemplo dos anos anteriores, promete uma variada programa\u00e7\u00e3o cultural com shows, workshops e palestras. Mais informa\u00e7\u00f5es pelo site: <a href=\"http:\/\/www.exponormg.com.br\" target=\"_blank\">www.exponormg.com.br<\/a>, ou pelo telefone: (33) 3522-6677.<\/p>\n<p><img decoding=\"async\" src=\"http:\/\/aconteceunovale.com.br\/portal\/wp-content\/uploads\/2014\/07\/exponor_2014.jpg\" alt=\"\" \/><em>(Cartaz da Exponor 2014 &#8211; Foto: Divulga\u00e7\u00e3o)<\/em><br \/>\n<\/br><\/p>\n<h4><strong>Confira a programa\u00e7\u00e3o da Exponor 2014:<\/strong><\/h4>\n<p><strong>DIA 24\/7 \u2013 QUINTA-FEIRA<\/strong><\/p>\n<p>Cerim\u00f4nia de abertura<br \/>\nHor\u00e1rio: 18h30 \u00e0s 19h30<br \/>\nLocal: Pavilh\u00e3o de Exposi\u00e7\u00f5es<br \/>\nPresen\u00e7a confirmada: Secret\u00e1rio de Estado de Trabalho e Desenvolvimento Social, Eduardo Bernis (Representante do Governador de Minas)<\/p>\n<p>M\u00fasica ao vivo na pra\u00e7a de alimenta\u00e7\u00e3o<br \/>\nHor\u00e1rio: 19h30 \u00e0s 23h<br \/>\nInt\u00e9rprete: Ricardo de Carvalho<\/p>\n<p>Palestra gratuita: \u201cVoc\u00ea x Fisco: A arte da guerra\u201d<br \/>\nPalestrante:  Valmir Rodrigues,<br \/>\nVice Presidente da Federaminas.<br \/>\nHor\u00e1rio: 20h \u00e0s 21h &#8211;<br \/>\nLocal: Sala Multiuso 1<\/p>\n<p>Palestra gratuita: \u201cBoas Pr\u00e1ticas em Opera\u00e7\u00f5es de Cr\u00e9dito: a estrat\u00e9gia do BDMG para financiamento \u00e0s MPEs\u201d<br \/>\nPalestrante: Rodrigo Teixeira Neves<br \/>\nP\u00f3s Graduado em Finan\u00e7as (UFMG\/ 2001). Funcion\u00e1rio do BDMG desde 2002, com experi\u00eancia nos setores de minera\u00e7\u00e3o, metalurgia e ind\u00fastria b\u00e1sica; an\u00e1lise de cr\u00e9dito; e micro e pequenas empresas.<br \/>\nHor\u00e1rio: 21h  \u00e0s 22h &#8211;<br \/>\nLocal: Sala Multiuso 1<\/p>\n<p>Show: Leoni.<br \/>\nHor\u00e1rio: 23h<br \/>\nLocal: Audit\u00f3rio Master<br \/>\nObs.: Os ingressos para o show dever\u00e3o ser adquiridos pelos telefones: (33) 3522-6677 ou (33) 3521-1480<\/p>\n<p><strong>DIA 25\/7 \u2013 SEXTA-FEIRA<\/strong><\/p>\n<p>M\u00fasica ao vivo na pra\u00e7a de alimenta\u00e7\u00e3o<br \/>\nHor\u00e1rio: 18h \u00e0s 20h30<br \/>\nInt\u00e9rprete: Ludimila Godoy e Rafael<\/p>\n<p>M\u00fasica ao vivo na pra\u00e7a de alimenta\u00e7\u00e3o<br \/>\nHor\u00e1rios: 21h \u00e0s 23h30<br \/>\nInt\u00e9rprete: Daniel Sales<\/p>\n<p>Palestra gratuita: \u201cAs vantagens de uma Holding Patrimonial\u201d<br \/>\nPalestrante: Gilmar Oliveira<br \/>\nAdvogado e Consultor de Empresas, Especialista em Direito Tribut\u00e1rio pela Funda\u00e7\u00e3o Gama Filho (FGF), com curso de Contabilidade pelo \u2013 SENAC\/MG.<br \/>\nHor\u00e1rio: 18h30 \u00e0s 19h30<br \/>\nLocal: Sala Multiuso 1<\/p>\n<p>Palestra: \u201cAlexandre Mattar e a INDIANA. &#8211; Uma hist\u00f3ria de sucesso que pode se repetir com voc\u00ea\u201d.<br \/>\nPalestrante: Alexandre Mattar Neto<br \/>\nEmpres\u00e1rio e s\u00f3cio-administrador da rede de farm\u00e1cias INDIANA.<br \/>\nHor\u00e1rio: 20h \u00e0s 21h<br \/>\nLocal: Audit\u00f3rio M\u00e1ster<\/p>\n<p>Espet\u00e1culo teatral: \u201cAtendendo Muito Bem!\u201d &#8211; Grupo humor\u00edstico Sapuca\u00ed<br \/>\nParceria SEBRAE\/MG<br \/>\nHor\u00e1rio: 22h<br \/>\nLocal: Audit\u00f3rio Master<br \/>\nObs.: O ingresso para a palestra com Alexandre Mattar e para o espet\u00e1culo teatral ser\u00e1 a doa\u00e7\u00e3o de um litro de leite \u201cLonga Vida\u201d. O cadastro dever\u00e1 ser feito pelo site: www.exponormg.com.br. Mais Informa\u00e7\u00f5es sobre ingressos pelos telefones: (33) 3522-6677 ou (33) 3521-1480<\/p>\n<p><strong>DIA 26\/7 \u2013 S\u00c1BADO<\/strong><\/p>\n<p>M\u00fasica ao vivo na pra\u00e7a de alimenta\u00e7\u00e3o<br \/>\nHor\u00e1rio: 18h \u00e0s 20h30<br \/>\nint\u00e9rprete: Pila e Kau<\/p>\n<p>M\u00fasica ao vivo na pra\u00e7a de alimenta\u00e7\u00e3o<br \/>\nHor\u00e1rio: 21h \u00e0s 23h30<br \/>\nInt\u00e9rprete: Jo\u00e3o Pedro e Luan<\/p>\n<p>Palestra gratuita: \u201cA Linguagem Corporativa Contempor\u00e2nea\u201d<br \/>\nPalestrante: Kamille Souto<br \/>\nGraduada em Jornalismo, especializa\u00e7\u00e3o em Gest\u00e3o de Pessoas pela FGV. Professora Executiva da P\u00f3s Gradua\u00e7\u00e3o em Administra\u00e7\u00e3o de Empresas FGV. Consultora e Palestrante atuante na \u00e1rea Empresarial e Gest\u00e3o de Pessoas. S\u00f3cia propriet\u00e1ria da Way Consultoria.<br \/>\nOferecimento FGV<br \/>\nHor\u00e1rio: 19h \u00e0s 20h<br \/>\nLocal: Sala Multiuso 1<\/p>\n<p>Espet\u00e1culo Teatral: Teatro Com\u00e9dia: Casos e Causos<br \/>\nHor\u00e1rio: 22h<br \/>\nLocal: Audit\u00f3rio Master<br \/>\nSucesso de Cr\u00edtica e P\u00fablico<br \/>\nObs.: Os ingressos para o espet\u00e1culo dever\u00e3o ser adquiridos pelos telefones: (33) 3522-6677 ou (33) 3521-1480<\/p>\n<p><strong>DATA: 27\/7 \u2013 DOMINGO<\/strong><\/p>\n<p>Rua de Lazer do Sesc MG<br \/>\nPrograma\u00e7\u00e3o infantil variada com shows art\u00edsticos, palha\u00e7os, brincadeiras e muita pipoca e algod\u00e3o doce.<br \/>\nHor\u00e1rio: 10h \u00e0s 17h<\/p>\n<p>M\u00fasica ao vivo na pra\u00e7a de alimenta\u00e7\u00e3o<br \/>\nHor\u00e1rio: 12h \u00e0s 16h<br \/>\nInt\u00e9rprete:  Banda Tocaia<\/p>\n","protected":false},"excerpt":{"rendered":"<p>A Mostra Empresarial do Nordeste Mineiro, Exponor 2014, que ser\u00e1 realizada entre os dias 24 e 27 de julho, no Expominas IV, ter\u00e1 sua 8\u00aa edi\u00e7\u00e3o este ano. Com o tema: \u201cComo os empreendedores mudar\u00e3o a hist\u00f3ria dos tr\u00eas vales: Mucuri, Jequitinhonha e S\u00e3o Mateus\u201d, a feira \u00e9 uma parceria entre a Prefeitura de Te\u00f3filo [&hellip;]<\/p>\n","protected":false},"author":1,"featured_media":35233,"comment_status":"open","ping_status":"closed","sticky":false,"template":"","format":"standard","meta":{"amp_status":"","footnotes":""},"categories":[125],"tags":[11756,11757,11755,164,11758],"class_list":["post-35232","post","type-post","status-publish","format-standard","has-post-thumbnail","hentry","category-noticias","tag-exponor-2014","tag-mostra-empresarial-do-nordeste-mineiro","tag-site-da-exponor","tag-teofilo-otoni","tag-teofilo-otoni-realiza-a-8a-edicao-da-mostra-empresarial-do-nordeste-mineiro"],"_links":{"self":[{"href":"https:\/\/aconteceunovale.com.br\/portal\/index.php?rest_route=\/wp\/v2\/posts\/35232","targetHints":{"allow":["GET"]}}],"collection":[{"href":"https:\/\/aconteceunovale.com.br\/portal\/index.php?rest_route=\/wp\/v2\/posts"}],"about":[{"href":"https:\/\/aconteceunovale.com.br\/portal\/index.php?rest_route=\/wp\/v2\/types\/post"}],"author":[{"embeddable":true,"href":"https:\/\/aconteceunovale.com.br\/portal\/index.php?rest_route=\/wp\/v2\/users\/1"}],"replies":[{"embeddable":true,"href":"https:\/\/aconteceunovale.com.br\/portal\/index.php?rest_route=%2Fwp%2Fv2%2Fcomments&post=35232"}],"version-history":[{"count":0,"href":"https:\/\/aconteceunovale.com.br\/portal\/index.php?rest_route=\/wp\/v2\/posts\/35232\/revisions"}],"wp:featuredmedia":[{"embeddable":true,"href":"https:\/\/aconteceunovale.com.br\/portal\/index.php?rest_route=\/wp\/v2\/media\/35233"}],"wp:attachment":[{"href":"https:\/\/aconteceunovale.com.br\/portal\/index.php?rest_route=%2Fwp%2Fv2%2Fmedia&parent=35232"}],"wp:term":[{"taxonomy":"category","embeddable":true,"href":"https:\/\/aconteceunovale.com.br\/portal\/index.php?rest_route=%2Fwp%2Fv2%2Fcategories&post=35232"},{"taxonomy":"post_tag","embeddable":true,"href":"https:\/\/aconteceunovale.com.br\/portal\/index.php?rest_route=%2Fwp%2Fv2%2Ftags&post=35232"}],"curies":[{"name":"wp","href":"https:\/\/api.w.org\/{rel}","templated":true}]}}