{"id":35157,"date":"2014-07-17T15:45:04","date_gmt":"2014-07-17T18:45:04","guid":{"rendered":"http:\/\/aconteceunovale.com.br\/portal\/?p=35157"},"modified":"2026-09-02T11:52:12","modified_gmt":"2026-09-02T14:52:12","slug":"detentos-colocam-fogo-em-colchoes-de-cela-na-cadeia-de-capelinha","status":"publish","type":"post","link":"https:\/\/aconteceunovale.com.br\/portal\/?p=35157","title":{"rendered":"Detentos colocam fogo em colch\u00f5es de cela na Cadeia de Capelinha"},"content":{"rendered":"<p>Um princ\u00edpio de rebeli\u00e3o foi registrado na tarde desta quinta-feira, 17 de julho, na Cadeia P\u00fablica de Capelinha, no Vale do Jequitinhonha. Segundo informa\u00e7\u00f5es da Pol\u00edcia Militar, dois presos ficaram descontentes com a informa\u00e7\u00e3o que transferidos para outra cidade e colocaram fogo nos colch\u00f5es da cela que ocupavam de forma tempor\u00e1ria.<\/p>\n<p>Ainda segundo a PM, rapidamente a situa\u00e7\u00e3o foi controlada. Dois detentos que estavam em outra cela ficaram intoxicados com a fuma\u00e7a da combust\u00e3o dos colch\u00f5es. Eles foram socorridos pelo Servi\u00e7o de Atendimento M\u00f3vel de Urg\u00eancia (SAMU) e encaminhados para a Funda\u00e7\u00e3o Hospitalar S\u00e3o Vicente de Paulo, onde receberam atendimento m\u00e9dico e posteriormente retornaram para a pris\u00e3o.<\/p>\n<p>Os autores do motim foram conduzidos para a Delegacia de Pol\u00edcia Civil para demais provid\u00eancias. Eles foram presos em Itamarandiba e estavam temporariamente na cadeia de Capelinha. A transfer\u00eancia dos dois para o pres\u00eddio de Ipatinga, no Vale do A\u00e7o, estava prevista para esta sexta-feira (18).<\/p>\n","protected":false},"excerpt":{"rendered":"<p>Um princ\u00edpio de rebeli\u00e3o foi registrado na tarde desta quinta-feira, 17 de julho, na Cadeia P\u00fablica de Capelinha, no Vale do Jequitinhonha. Segundo informa\u00e7\u00f5es da Pol\u00edcia Militar, dois presos ficaram descontentes com a informa\u00e7\u00e3o que transferidos para outra cidade e colocaram fogo nos colch\u00f5es da cela que ocupavam de forma tempor\u00e1ria. Ainda segundo a PM, [&hellip;]<\/p>\n","protected":false},"author":1,"featured_media":13667,"comment_status":"open","ping_status":"closed","sticky":false,"template":"","format":"standard","meta":{"amp_status":"","footnotes":""},"categories":[272535,120],"tags":[132,11690,11692,11691],"class_list":["post-35157","post","type-post","status-publish","format-standard","has-post-thumbnail","hentry","category-capelinha","category-jequi","tag-capelinha","tag-detentos-colocam-fogo-em-colchoes-de-cela-na-cadeia-de-capelinha","tag-detentos-colocam-fogo-em-colchoes-na-cadeia-de-capelinha","tag-rebeliao-na-cadeia-de-capelinha"],"yoast_head":"<!-- This site is optimized with the Yoast SEO plugin v28.3 - https:\/\/yoast.com\/product\/yoast-seo-wordpress\/ -->\n<title>Detentos colocam fogo em colch\u00f5es de cela na Cadeia de Capelinha - Aconteceu no Vale<\/title>\n<meta name=\"robots\" content=\"index, follow, max-snippet:-1, max-image-preview:large, max-video-preview:-1\" \/>\n<link rel=\"canonical\" href=\"https:\/\/aconteceunovale.com.br\/portal\/?p=35157\" \/>\n<meta property=\"og:locale\" content=\"pt_BR\" \/>\n<meta property=\"og:type\" content=\"article\" \/>\n<meta property=\"og:title\" content=\"Detentos colocam fogo em colch\u00f5es de cela na Cadeia de Capelinha - Aconteceu no Vale\" \/>\n<meta property=\"og:description\" content=\"Um princ\u00edpio de rebeli\u00e3o foi registrado na tarde desta quinta-feira, 17 de julho, na Cadeia P\u00fablica de Capelinha, no Vale do Jequitinhonha. Segundo informa\u00e7\u00f5es da Pol\u00edcia Militar, dois presos ficaram descontentes com a informa\u00e7\u00e3o que transferidos para outra cidade e colocaram fogo nos colch\u00f5es da cela que ocupavam de forma tempor\u00e1ria. Ainda segundo a PM, [&hellip;]\" \/>\n<meta property=\"og:url\" content=\"https:\/\/aconteceunovale.com.br\/portal\/?p=35157\" \/>\n<meta property=\"og:site_name\" content=\"Aconteceu no Vale\" \/>\n<meta property=\"article:publisher\" content=\"https:\/\/www.facebook.com\/aconteceunovale\/\" \/>\n<meta property=\"article:published_time\" content=\"2014-07-17T18:45:04+00:00\" \/>\n<meta property=\"article:modified_time\" content=\"2026-09-02T14:52:12+00:00\" \/>\n<meta property=\"og:image\" content=\"https:\/\/aconteceunovale.com.br\/portal\/wp-content\/uploads\/2013\/11\/plantao.jpg\" \/>\n\t<meta property=\"og:image:width\" content=\"625\" \/>\n\t<meta property=\"og:image:height\" content=\"330\" \/>\n\t<meta property=\"og:image:type\" content=\"image\/jpeg\" \/>\n<meta name=\"author\" content=\"Aconteceu no Vale\" \/>\n<meta name=\"twitter:card\" content=\"summary_large_image\" \/>\n<meta name=\"twitter:creator\" content=\"@noticiadosvales\" \/>\n<meta name=\"twitter:site\" content=\"@noticiadosvales\" \/>\n<meta name=\"twitter:label1\" content=\"Escrito por\" \/>\n\t<meta name=\"twitter:data1\" content=\"Aconteceu no Vale\" \/>\n\t<meta name=\"twitter:label2\" content=\"Est. tempo de leitura\" \/>\n\t<meta name=\"twitter:data2\" content=\"1 minuto\" \/>\n<script type=\"application\/ld+json\" class=\"yoast-schema-graph\">{\"@context\":\"https:\\\/\\\/schema.org\",\"@graph\":[{\"@type\":\"Article\",\"@id\":\"https:\\\/\\\/aconteceunovale.com.br\\\/portal\\\/?p=35157#article\",\"isPartOf\":{\"@id\":\"https:\\\/\\\/aconteceunovale.com.br\\\/portal\\\/?p=35157\"},\"author\":{\"name\":\"Aconteceu no Vale\",\"@id\":\"https:\\\/\\\/aconteceunovale.com.br\\\/portal\\\/#\\\/schema\\\/person\\\/633529146f2c94272bef50ac2953d589\"},\"headline\":\"Detentos colocam fogo em colch\u00f5es de cela na Cadeia de Capelinha\",\"datePublished\":\"2014-07-17T18:45:04+00:00\",\"dateModified\":\"2026-09-02T14:52:12+00:00\",\"mainEntityOfPage\":{\"@id\":\"https:\\\/\\\/aconteceunovale.com.br\\\/portal\\\/?p=35157\"},\"wordCount\":187,\"commentCount\":0,\"image\":{\"@id\":\"https:\\\/\\\/aconteceunovale.com.br\\\/portal\\\/?p=35157#primaryimage\"},\"thumbnailUrl\":\"https:\\\/\\\/aconteceunovale.com.br\\\/portal\\\/wp-content\\\/uploads\\\/2013\\\/11\\\/plantao.jpg\",\"keywords\":[\"Capelinha\",\"Detentos colocam fogo em colch\u00f5es de cela na Cadeia de Capelinha\",\"detentos colocam fogo em colch\u00f5es na cadeia de capelinha\",\"rebeli\u00e3o na cadeia de capelinha\"],\"articleSection\":[\"Capelinha\",\"Vale do Jequitinhonha\"],\"inLanguage\":\"pt-BR\",\"potentialAction\":[{\"@type\":\"CommentAction\",\"name\":\"Comment\",\"target\":[\"https:\\\/\\\/aconteceunovale.com.br\\\/portal\\\/?p=35157#respond\"]}]},{\"@type\":\"WebPage\",\"@id\":\"https:\\\/\\\/aconteceunovale.com.br\\\/portal\\\/?p=35157\",\"url\":\"https:\\\/\\\/aconteceunovale.com.br\\\/portal\\\/?p=35157\",\"name\":\"Detentos colocam fogo em colch\u00f5es de cela na Cadeia de Capelinha - Aconteceu no Vale\",\"isPartOf\":{\"@id\":\"https:\\\/\\\/aconteceunovale.com.br\\\/portal\\\/#website\"},\"primaryImageOfPage\":{\"@id\":\"https:\\\/\\\/aconteceunovale.com.br\\\/portal\\\/?p=35157#primaryimage\"},\"image\":{\"@id\":\"https:\\\/\\\/aconteceunovale.com.br\\\/portal\\\/?p=35157#primaryimage\"},\"thumbnailUrl\":\"https:\\\/\\\/aconteceunovale.com.br\\\/portal\\\/wp-content\\\/uploads\\\/2013\\\/11\\\/plantao.jpg\",\"datePublished\":\"2014-07-17T18:45:04+00:00\",\"dateModified\":\"2026-09-02T14:52:12+00:00\",\"author\":{\"@id\":\"https:\\\/\\\/aconteceunovale.com.br\\\/portal\\\/#\\\/schema\\\/person\\\/633529146f2c94272bef50ac2953d589\"},\"breadcrumb\":{\"@id\":\"https:\\\/\\\/aconteceunovale.com.br\\\/portal\\\/?p=35157#breadcrumb\"},\"inLanguage\":\"pt-BR\",\"potentialAction\":[{\"@type\":\"ReadAction\",\"target\":[\"https:\\\/\\\/aconteceunovale.com.br\\\/portal\\\/?p=35157\"]}]},{\"@type\":\"ImageObject\",\"inLanguage\":\"pt-BR\",\"@id\":\"https:\\\/\\\/aconteceunovale.com.br\\\/portal\\\/?p=35157#primaryimage\",\"url\":\"https:\\\/\\\/aconteceunovale.com.br\\\/portal\\\/wp-content\\\/uploads\\\/2013\\\/11\\\/plantao.jpg\",\"contentUrl\":\"https:\\\/\\\/aconteceunovale.com.br\\\/portal\\\/wp-content\\\/uploads\\\/2013\\\/11\\\/plantao.jpg\",\"width\":625,\"height\":330},{\"@type\":\"BreadcrumbList\",\"@id\":\"https:\\\/\\\/aconteceunovale.com.br\\\/portal\\\/?p=35157#breadcrumb\",\"itemListElement\":[{\"@type\":\"ListItem\",\"position\":1,\"name\":\"In\u00edcio\",\"item\":\"https:\\\/\\\/aconteceunovale.com.br\\\/portal\\\/\"},{\"@type\":\"ListItem\",\"position\":2,\"name\":\"Detentos colocam fogo em colch\u00f5es de cela na Cadeia de Capelinha\"}]},{\"@type\":\"WebSite\",\"@id\":\"https:\\\/\\\/aconteceunovale.com.br\\\/portal\\\/#website\",\"url\":\"https:\\\/\\\/aconteceunovale.com.br\\\/portal\\\/\",\"name\":\"Aconteceu no Vale\",\"description\":\"Portal de Not\u00edcias\",\"potentialAction\":[{\"@type\":\"SearchAction\",\"target\":{\"@type\":\"EntryPoint\",\"urlTemplate\":\"https:\\\/\\\/aconteceunovale.com.br\\\/portal\\\/?s={search_term_string}\"},\"query-input\":{\"@type\":\"PropertyValueSpecification\",\"valueRequired\":true,\"valueName\":\"search_term_string\"}}],\"inLanguage\":\"pt-BR\"},{\"@type\":\"Person\",\"@id\":\"https:\\\/\\\/aconteceunovale.com.br\\\/portal\\\/#\\\/schema\\\/person\\\/633529146f2c94272bef50ac2953d589\",\"name\":\"Aconteceu no Vale\",\"description\":\"Equipe de reportagem do Aconteceu no Vale, portal de not\u00edcias do Vale do Jequitinhonha, em Minas Gerais. Cobrimos as 51 cidades do Vale desde 2013. Sugest\u00f5es de pauta e pedidos de corre\u00e7\u00e3o: contato@aconteceunovale.com.br\",\"sameAs\":[\"http:\\\/\\\/www.aconteceunovale.com.br\"],\"url\":\"https:\\\/\\\/aconteceunovale.com.br\\\/portal\\\/?author=1\"}]}<\/script>\n<!-- \/ Yoast SEO plugin. -->","yoast_head_json":{"title":"Detentos colocam fogo em colch\u00f5es de cela na Cadeia de Capelinha - Aconteceu no Vale","robots":{"index":"index","follow":"follow","max-snippet":"max-snippet:-1","max-image-preview":"max-image-preview:large","max-video-preview":"max-video-preview:-1"},"canonical":"https:\/\/aconteceunovale.com.br\/portal\/?p=35157","og_locale":"pt_BR","og_type":"article","og_title":"Detentos colocam fogo em colch\u00f5es de cela na Cadeia de Capelinha - Aconteceu no Vale","og_description":"Um princ\u00edpio de rebeli\u00e3o foi registrado na tarde desta quinta-feira, 17 de julho, na Cadeia P\u00fablica de Capelinha, no Vale do Jequitinhonha. Segundo informa\u00e7\u00f5es da Pol\u00edcia Militar, dois presos ficaram descontentes com a informa\u00e7\u00e3o que transferidos para outra cidade e colocaram fogo nos colch\u00f5es da cela que ocupavam de forma tempor\u00e1ria. Ainda segundo a PM, [&hellip;]","og_url":"https:\/\/aconteceunovale.com.br\/portal\/?p=35157","og_site_name":"Aconteceu no Vale","article_publisher":"https:\/\/www.facebook.com\/aconteceunovale\/","article_published_time":"2014-07-17T18:45:04+00:00","article_modified_time":"2026-09-02T14:52:12+00:00","og_image":[{"width":625,"height":330,"url":"https:\/\/aconteceunovale.com.br\/portal\/wp-content\/uploads\/2013\/11\/plantao.jpg","type":"image\/jpeg"}],"author":"Aconteceu no Vale","twitter_card":"summary_large_image","twitter_creator":"@noticiadosvales","twitter_site":"@noticiadosvales","twitter_misc":{"Escrito por":"Aconteceu no Vale","Est. tempo de leitura":"1 minuto"},"schema":{"@context":"https:\/\/schema.org","@graph":[{"@type":"Article","@id":"https:\/\/aconteceunovale.com.br\/portal\/?p=35157#article","isPartOf":{"@id":"https:\/\/aconteceunovale.com.br\/portal\/?p=35157"},"author":{"name":"Aconteceu no Vale","@id":"https:\/\/aconteceunovale.com.br\/portal\/#\/schema\/person\/633529146f2c94272bef50ac2953d589"},"headline":"Detentos colocam fogo em colch\u00f5es de cela na Cadeia de Capelinha","datePublished":"2014-07-17T18:45:04+00:00","dateModified":"2026-09-02T14:52:12+00:00","mainEntityOfPage":{"@id":"https:\/\/aconteceunovale.com.br\/portal\/?p=35157"},"wordCount":187,"commentCount":0,"image":{"@id":"https:\/\/aconteceunovale.com.br\/portal\/?p=35157#primaryimage"},"thumbnailUrl":"https:\/\/aconteceunovale.com.br\/portal\/wp-content\/uploads\/2013\/11\/plantao.jpg","keywords":["Capelinha","Detentos colocam fogo em colch\u00f5es de cela na Cadeia de Capelinha","detentos colocam fogo em colch\u00f5es na cadeia de capelinha","rebeli\u00e3o na cadeia de capelinha"],"articleSection":["Capelinha","Vale do Jequitinhonha"],"inLanguage":"pt-BR","potentialAction":[{"@type":"CommentAction","name":"Comment","target":["https:\/\/aconteceunovale.com.br\/portal\/?p=35157#respond"]}]},{"@type":"WebPage","@id":"https:\/\/aconteceunovale.com.br\/portal\/?p=35157","url":"https:\/\/aconteceunovale.com.br\/portal\/?p=35157","name":"Detentos colocam fogo em colch\u00f5es de cela na Cadeia de Capelinha - Aconteceu no Vale","isPartOf":{"@id":"https:\/\/aconteceunovale.com.br\/portal\/#website"},"primaryImageOfPage":{"@id":"https:\/\/aconteceunovale.com.br\/portal\/?p=35157#primaryimage"},"image":{"@id":"https:\/\/aconteceunovale.com.br\/portal\/?p=35157#primaryimage"},"thumbnailUrl":"https:\/\/aconteceunovale.com.br\/portal\/wp-content\/uploads\/2013\/11\/plantao.jpg","datePublished":"2014-07-17T18:45:04+00:00","dateModified":"2026-09-02T14:52:12+00:00","author":{"@id":"https:\/\/aconteceunovale.com.br\/portal\/#\/schema\/person\/633529146f2c94272bef50ac2953d589"},"breadcrumb":{"@id":"https:\/\/aconteceunovale.com.br\/portal\/?p=35157#breadcrumb"},"inLanguage":"pt-BR","potentialAction":[{"@type":"ReadAction","target":["https:\/\/aconteceunovale.com.br\/portal\/?p=35157"]}]},{"@type":"ImageObject","inLanguage":"pt-BR","@id":"https:\/\/aconteceunovale.com.br\/portal\/?p=35157#primaryimage","url":"https:\/\/aconteceunovale.com.br\/portal\/wp-content\/uploads\/2013\/11\/plantao.jpg","contentUrl":"https:\/\/aconteceunovale.com.br\/portal\/wp-content\/uploads\/2013\/11\/plantao.jpg","width":625,"height":330},{"@type":"BreadcrumbList","@id":"https:\/\/aconteceunovale.com.br\/portal\/?p=35157#breadcrumb","itemListElement":[{"@type":"ListItem","position":1,"name":"In\u00edcio","item":"https:\/\/aconteceunovale.com.br\/portal\/"},{"@type":"ListItem","position":2,"name":"Detentos colocam fogo em colch\u00f5es de cela na Cadeia de Capelinha"}]},{"@type":"WebSite","@id":"https:\/\/aconteceunovale.com.br\/portal\/#website","url":"https:\/\/aconteceunovale.com.br\/portal\/","name":"Aconteceu no Vale","description":"Portal de Not\u00edcias","potentialAction":[{"@type":"SearchAction","target":{"@type":"EntryPoint","urlTemplate":"https:\/\/aconteceunovale.com.br\/portal\/?s={search_term_string}"},"query-input":{"@type":"PropertyValueSpecification","valueRequired":true,"valueName":"search_term_string"}}],"inLanguage":"pt-BR"},{"@type":"Person","@id":"https:\/\/aconteceunovale.com.br\/portal\/#\/schema\/person\/633529146f2c94272bef50ac2953d589","name":"Aconteceu no Vale","description":"Equipe de reportagem do Aconteceu no Vale, portal de not\u00edcias do Vale do Jequitinhonha, em Minas Gerais. Cobrimos as 51 cidades do Vale desde 2013. Sugest\u00f5es de pauta e pedidos de corre\u00e7\u00e3o: contato@aconteceunovale.com.br","sameAs":["http:\/\/www.aconteceunovale.com.br"],"url":"https:\/\/aconteceunovale.com.br\/portal\/?author=1"}]}},"_links":{"self":[{"href":"https:\/\/aconteceunovale.com.br\/portal\/index.php?rest_route=\/wp\/v2\/posts\/35157","targetHints":{"allow":["GET"]}}],"collection":[{"href":"https:\/\/aconteceunovale.com.br\/portal\/index.php?rest_route=\/wp\/v2\/posts"}],"about":[{"href":"https:\/\/aconteceunovale.com.br\/portal\/index.php?rest_route=\/wp\/v2\/types\/post"}],"author":[{"embeddable":true,"href":"https:\/\/aconteceunovale.com.br\/portal\/index.php?rest_route=\/wp\/v2\/users\/1"}],"replies":[{"embeddable":true,"href":"https:\/\/aconteceunovale.com.br\/portal\/index.php?rest_route=%2Fwp%2Fv2%2Fcomments&post=35157"}],"version-history":[{"count":1,"href":"https:\/\/aconteceunovale.com.br\/portal\/index.php?rest_route=\/wp\/v2\/posts\/35157\/revisions"}],"predecessor-version":[{"id":198741,"href":"https:\/\/aconteceunovale.com.br\/portal\/index.php?rest_route=\/wp\/v2\/posts\/35157\/revisions\/198741"}],"wp:featuredmedia":[{"embeddable":true,"href":"https:\/\/aconteceunovale.com.br\/portal\/index.php?rest_route=\/wp\/v2\/media\/13667"}],"wp:attachment":[{"href":"https:\/\/aconteceunovale.com.br\/portal\/index.php?rest_route=%2Fwp%2Fv2%2Fmedia&parent=35157"}],"wp:term":[{"taxonomy":"category","embeddable":true,"href":"https:\/\/aconteceunovale.com.br\/portal\/index.php?rest_route=%2Fwp%2Fv2%2Fcategories&post=35157"},{"taxonomy":"post_tag","embeddable":true,"href":"https:\/\/aconteceunovale.com.br\/portal\/index.php?rest_route=%2Fwp%2Fv2%2Ftags&post=35157"}],"curies":[{"name":"wp","href":"https:\/\/api.w.org\/{rel}","templated":true}]}}