{"id":35020,"date":"2014-07-16T16:49:14","date_gmt":"2014-07-16T19:49:14","guid":{"rendered":"http:\/\/aconteceunovale.com.br\/portal\/?p=35020"},"modified":"2014-07-16T19:34:28","modified_gmt":"2014-07-16T22:34:28","slug":"caminhao-desgovernado-bate-em-tres-veiculos-e-deixa-mais-de-30-feridos-em-minas","status":"publish","type":"post","link":"https:\/\/aconteceunovale.com.br\/portal\/?p=35020","title":{"rendered":"Caminh\u00e3o desgovernado bate em tr\u00eas ve\u00edculos e deixa mais de 30 feridos em Minas"},"content":{"rendered":"<p>Um grave acidente deixou ao menos 30 pessoas feridas na tarde desta quarta-feira em Juiz de Fora, na Regi\u00e3o da Zona da Mata. Um caminh\u00e3o-ba\u00fa desceu uma via desgovernado e atingiu outros tr\u00eas ve\u00edculos, sendo um deles um \u00f4nibus. O ve\u00edculo de carga ainda atingiu a parede de um shopping e depois tombou. V\u00e1rias viaturas do Servi\u00e7o de Atendimento M\u00f3vel de Urg\u00eancia (Samu) e do Corpo de Bombeiros, al\u00e9m da Pol\u00edcia Militar, foram empenhados no socorro. O n\u00famero total de v\u00edtimas ainda n\u00e3o foi contabilizado. <\/p>\n<p>De acordo com a PM, o acidente aconteceu no in\u00edcio da tarde na Avenida Itamar Franco. O motorista do caminh\u00e3o alegou que perdeu os freios em uma descida. Ele seguiu desgovernado e atingiu a traseira de um \u00f4nibus, que foi projetado contra um poste de ilumina\u00e7\u00e3o. O coletivo, da linha 549 (Nova Germ\u00e2nia), estava lotado no momento do acidente, segundo o Corpo de Bombeiros.<\/p>\n<p>Ainda sem dire\u00e7\u00e3o, o caminh\u00e3o atravessou o canteiro central da via, entrou na contram\u00e3o de dire\u00e7\u00e3o e bateu de frente com um Honda Fit. Em seguida, atingiu um outro ve\u00edculo de carga e s\u00f3 parou depois de bater na parede de um centro de compras. O caminh\u00e3o tombou e interditou a Avenida Itamar Franco, uma das principais da cidade. <\/p>\n<p><img decoding=\"async\" src=\"http:\/\/aconteceunovale.com.br\/portal\/wp-content\/uploads\/2014\/07\/acidente_juiz_de_fora_16_7_5.jpg\" alt=\"\" \/><em>(Foto: Olavo Prazeres \/ Tribuna de Minas)<\/em><br \/>\n<\/br><\/p>\n<p>Um grande aparato de equipes do servi\u00e7o de resgate foi empenhado na ocorr\u00eancia. Pelo menos 20 militares do Corpo de Bombeiros e m\u00e9dicos do Samu socorreram os feridos. Como o acidente aconteceu pr\u00f3ximo ao Hospital Monte Sinai, v\u00e1rias pessoas foram levados para a unidade. Os bombeiros atenderam tr\u00eas v\u00edtimas que foram encaminhadas para outros hospitais. <\/p>\n<p>De acordo com a assessoria de imprensa do Hospital Monte Sinai, trinta pessoas foram encaminhadas para a unidade de sa\u00fade. Destas, duas ficaram gravemente ferida. Uma crian\u00e7a de seis antos, que segue em observa\u00e7\u00e3o na Unidade de Terapia Intensiva (UTI) e um adolescente de 16 anos, que teve de ser transferida para fazer exames de imagens. <\/p>\n<p>Outras v\u00edtimas tamb\u00e9m tiveram que ser levadas para outros hospitais para fazer exames. Isso porque, segundo a unidade de sa\u00fade, o local ficou sem energia el\u00e9trica por causa do acidente. <\/p>\n<p>Os dados completos sobre os feridos ainda s\u00e3o contabilizados pela Pol\u00edcia Militar, Corpo de Bombeiros e Samu.  A Avenida Itamar Franco segue interditada h\u00e1 mais de quatro horas sem previs\u00e3o de libera\u00e7\u00e3o.<\/p>\n<p><img decoding=\"async\" src=\"http:\/\/aconteceunovale.com.br\/portal\/wp-content\/uploads\/2014\/07\/acidente_juiz_de_fora_16_7_1.jpg\" alt=\"\" \/><em>(Foto: Andr\u00e9 Luiz Braz \/ Hoje em Dia)<\/em><br \/>\n<\/br><\/p>\n<p><img decoding=\"async\" src=\"http:\/\/aconteceunovale.com.br\/portal\/wp-content\/uploads\/2014\/07\/acidente_juiz_de_fora_16_7_2.jpg\" alt=\"\" \/><em>(Foto: Andr\u00e9 Luiz Braz \/ Hoje em Dia)<\/em><br \/>\n<\/br><\/p>\n<p><img decoding=\"async\" src=\"http:\/\/aconteceunovale.com.br\/portal\/wp-content\/uploads\/2014\/07\/acidente_juiz_de_fora_16_7_3.jpg\" alt=\"\" \/><em>(Foto: Andr\u00e9 Luiz Braz \/ Hoje em Dia)<\/em><br \/>\n<\/br><\/p>\n<p><img decoding=\"async\" src=\"http:\/\/aconteceunovale.com.br\/portal\/wp-content\/uploads\/2014\/07\/acidente_juiz_de_fora_16_7_4.jpg\" alt=\"\" \/><em>(Foto: Andr\u00e9 Luiz Braz \/ Hoje em Dia)<\/em><br \/>\n<\/br><\/p>\n<p><img decoding=\"async\" src=\"http:\/\/aconteceunovale.com.br\/portal\/wp-content\/uploads\/2014\/07\/acidente_juiz_de_fora_16_7_6.jpg\" alt=\"\" \/><em>(Foto: Olavo Prazeres \/ Tribuna de Minas)<\/em><br \/>\n<\/br><\/p>\n<p><strong><em>(Fonte: Estado de Minas)<\/em><\/strong><\/p>\n","protected":false},"excerpt":{"rendered":"<p>Um grave acidente deixou ao menos 30 pessoas feridas na tarde desta quarta-feira em Juiz de Fora, na Regi\u00e3o da Zona da Mata. Um caminh\u00e3o-ba\u00fa desceu uma via desgovernado e atingiu outros tr\u00eas ve\u00edculos, sendo um deles um \u00f4nibus. O ve\u00edculo de carga ainda atingiu a parede de um shopping e depois tombou. V\u00e1rias viaturas [&hellip;]<\/p>\n","protected":false},"author":1,"featured_media":35025,"comment_status":"open","ping_status":"closed","sticky":false,"template":"","format":"standard","meta":{"amp_status":"","footnotes":""},"categories":[123],"tags":[11521,11525,11522,11520,11519,11524,1018,206,11523],"class_list":["post-35020","post","type-post","status-publish","format-standard","has-post-thumbnail","hentry","category-gerais","tag-acidente-com-caminhao-em-juiz-de-fora","tag-acidente-com-caminhao-sem-freio-em-juiz-de-fora","tag-acidente-com-onibus-em-juiz-de-fora","tag-caminhao-desgovernado-bate-em-tres-veiculos-e-deixa-mais-de-30-feridos-em-juiz-de-fora","tag-caminhao-desgovernado-bate-em-tres-veiculos-e-deixa-mais-de-30-feridos-em-minas","tag-caminhao-sem-freio-deixa-mais-de-30-feridos-em-juiz-de-fora","tag-destaque","tag-juiz-de-fora","tag-vitimas-do-acidente-com-caminhao-desgovrnado-em-juiz-de-fora"],"_links":{"self":[{"href":"https:\/\/aconteceunovale.com.br\/portal\/index.php?rest_route=\/wp\/v2\/posts\/35020","targetHints":{"allow":["GET"]}}],"collection":[{"href":"https:\/\/aconteceunovale.com.br\/portal\/index.php?rest_route=\/wp\/v2\/posts"}],"about":[{"href":"https:\/\/aconteceunovale.com.br\/portal\/index.php?rest_route=\/wp\/v2\/types\/post"}],"author":[{"embeddable":true,"href":"https:\/\/aconteceunovale.com.br\/portal\/index.php?rest_route=\/wp\/v2\/users\/1"}],"replies":[{"embeddable":true,"href":"https:\/\/aconteceunovale.com.br\/portal\/index.php?rest_route=%2Fwp%2Fv2%2Fcomments&post=35020"}],"version-history":[{"count":0,"href":"https:\/\/aconteceunovale.com.br\/portal\/index.php?rest_route=\/wp\/v2\/posts\/35020\/revisions"}],"wp:featuredmedia":[{"embeddable":true,"href":"https:\/\/aconteceunovale.com.br\/portal\/index.php?rest_route=\/wp\/v2\/media\/35025"}],"wp:attachment":[{"href":"https:\/\/aconteceunovale.com.br\/portal\/index.php?rest_route=%2Fwp%2Fv2%2Fmedia&parent=35020"}],"wp:term":[{"taxonomy":"category","embeddable":true,"href":"https:\/\/aconteceunovale.com.br\/portal\/index.php?rest_route=%2Fwp%2Fv2%2Fcategories&post=35020"},{"taxonomy":"post_tag","embeddable":true,"href":"https:\/\/aconteceunovale.com.br\/portal\/index.php?rest_route=%2Fwp%2Fv2%2Ftags&post=35020"}],"curies":[{"name":"wp","href":"https:\/\/api.w.org\/{rel}","templated":true}]}}