{"id":34851,"date":"2014-07-15T09:19:23","date_gmt":"2014-07-15T12:19:23","guid":{"rendered":"http:\/\/aconteceunovale.com.br\/portal\/?p=34851"},"modified":"2014-07-15T09:20:19","modified_gmt":"2014-07-15T12:20:19","slug":"garoto-de-caratinga-com-dois-tipos-de-leucemia-aguarda-doacao","status":"publish","type":"post","link":"https:\/\/aconteceunovale.com.br\/portal\/?p=34851","title":{"rendered":"Garoto de Caratinga com dois tipos de leucemia aguarda doa\u00e7\u00e3o"},"content":{"rendered":"<p>Com um ter\u00e7o nas m\u00e3os, que carrega para onde vai, George C\u00e9sar Ferreira, 12, conta com a solidariedade para vencer uma condi\u00e7\u00e3o rara de sa\u00fade. Ele carrega no sangue dois tipos diferentes de leucemia (LMA e LMC) e precisa de um transplante de medula \u00f3ssea para fazer o tratamento. Al\u00e9m disso, o menino foi contaminado, recentemente, por um tipo de fungo que ataca os pulm\u00f5es (aspergilose) e necessita de um rem\u00e9dio que custa R$ 5.000 por semana.<\/p>\n<p>Nesta quarta, o garoto passar\u00e1 por per\u00edcia da Secretaria Estadual de Sa\u00fade para tentar receber o rem\u00e9dio pelo Sistema \u00danico de Sa\u00fade (SUS). A fam\u00edlia de Caratinga, no Leste de Minas Gerais, vive de doa\u00e7\u00f5es, e at\u00e9 o aluguel \u00e9 pago por terceiros. Quem quiser contribuir pode procurar a m\u00e3e pela <a href=\"https:\/\/www.facebook.com\/pages\/Juntos-Por-George-Cesar\/1472912592947085\" target=\"_blank\">p\u00e1gina George C\u00e9sar no Facebook<\/a>.<\/p>\n<p><img decoding=\"async\" src=\"http:\/\/aconteceunovale.com.br\/portal\/wp-content\/uploads\/2014\/07\/garoto_caratinga_leucemia.jpg\" alt=\"\" \/><em>(George se apega aos bonecos dos quais \u00e9 f\u00e3 para esquecer a doen\u00e7a &#8211; Foto: Fernanda Carvalho \/ O Tempo)<\/em><br \/>\n<\/br><\/p>\n<h4><strong>Hist\u00f3rico<\/strong><\/h4>\n<p>F\u00e3 de jogos quebra-cabe\u00e7a e bonecos de um desenho animado, George foi diagnosticado com autismo ainda pequeno. A m\u00e3e, Simone das Gra\u00e7as Ferreira, conta que a condi\u00e7\u00e3o fez dele um menino com dificuldades de socializa\u00e7\u00e3o, mas extremamente sens\u00edvel. Cerca de 15 dias ap\u00f3s perder o pai com c\u00e2ncer, o garoto descobriu que tinha leucemia, e, de l\u00e1 para c\u00e1, a doen\u00e7a causou v\u00e1rias complica\u00e7\u00f5es. \u201cEu j\u00e1 ouvi v\u00e1rias vezes que meu filho n\u00e3o iria viver mais nem um dia, mas ele \u00e9 guerreiro\u201d, conta a m\u00e3e.<\/p>\n<p>Os dois tipos da doen\u00e7a estavam sendo controlados com sess\u00f5es espor\u00e1dicas de quimioterapia, mas nessa segunda Simone recebeu a not\u00edcia de que um dos dois voltou. Ser\u00e3o necess\u00e1rios novos exames para saber qual deles.<\/p>\n<h4><strong>Doa\u00e7\u00f5es de Medula<\/strong><\/h4>\n<p>Segundo o Instituto Nacional de C\u00e2ncer, qualquer pessoa entre 18 e 54 anos pode doar medula \u00f3ssea. O interessado pode procurar a Funda\u00e7\u00e3o Hemominas no telefone (31) 3768-4500.<\/p>\n<p><em>(O Tempo)<\/em><\/p>\n","protected":false},"excerpt":{"rendered":"<p>Com um ter\u00e7o nas m\u00e3os, que carrega para onde vai, George C\u00e9sar Ferreira, 12, conta com a solidariedade para vencer uma condi\u00e7\u00e3o rara de sa\u00fade. Ele carrega no sangue dois tipos diferentes de leucemia (LMA e LMC) e precisa de um transplante de medula \u00f3ssea para fazer o tratamento. Al\u00e9m disso, o menino foi contaminado, [&hellip;]<\/p>\n","protected":false},"author":1,"featured_media":34852,"comment_status":"open","ping_status":"closed","sticky":false,"template":"","format":"standard","meta":{"amp_status":"","footnotes":""},"categories":[123],"tags":[237,1018,11389,11388],"class_list":["post-34851","post","type-post","status-publish","format-standard","has-post-thumbnail","hentry","category-gerais","tag-caratinga","tag-destaque","tag-garoto-de-caratinga-com-dois-tipos-de-leucemia-aguarda-doacao","tag-george-cesar-ferreira"],"_links":{"self":[{"href":"https:\/\/aconteceunovale.com.br\/portal\/index.php?rest_route=\/wp\/v2\/posts\/34851","targetHints":{"allow":["GET"]}}],"collection":[{"href":"https:\/\/aconteceunovale.com.br\/portal\/index.php?rest_route=\/wp\/v2\/posts"}],"about":[{"href":"https:\/\/aconteceunovale.com.br\/portal\/index.php?rest_route=\/wp\/v2\/types\/post"}],"author":[{"embeddable":true,"href":"https:\/\/aconteceunovale.com.br\/portal\/index.php?rest_route=\/wp\/v2\/users\/1"}],"replies":[{"embeddable":true,"href":"https:\/\/aconteceunovale.com.br\/portal\/index.php?rest_route=%2Fwp%2Fv2%2Fcomments&post=34851"}],"version-history":[{"count":0,"href":"https:\/\/aconteceunovale.com.br\/portal\/index.php?rest_route=\/wp\/v2\/posts\/34851\/revisions"}],"wp:featuredmedia":[{"embeddable":true,"href":"https:\/\/aconteceunovale.com.br\/portal\/index.php?rest_route=\/wp\/v2\/media\/34852"}],"wp:attachment":[{"href":"https:\/\/aconteceunovale.com.br\/portal\/index.php?rest_route=%2Fwp%2Fv2%2Fmedia&parent=34851"}],"wp:term":[{"taxonomy":"category","embeddable":true,"href":"https:\/\/aconteceunovale.com.br\/portal\/index.php?rest_route=%2Fwp%2Fv2%2Fcategories&post=34851"},{"taxonomy":"post_tag","embeddable":true,"href":"https:\/\/aconteceunovale.com.br\/portal\/index.php?rest_route=%2Fwp%2Fv2%2Ftags&post=34851"}],"curies":[{"name":"wp","href":"https:\/\/api.w.org\/{rel}","templated":true}]}}