{"id":34817,"date":"2014-07-15T07:54:54","date_gmt":"2014-07-15T10:54:54","guid":{"rendered":"http:\/\/aconteceunovale.com.br\/portal\/?p=34817"},"modified":"2014-07-15T07:54:54","modified_gmt":"2014-07-15T10:54:54","slug":"a-copa-os-papeloes-e-as-eleicoes-paulo-henrique-silva","status":"publish","type":"post","link":"https:\/\/aconteceunovale.com.br\/portal\/?p=34817","title":{"rendered":"A Copa, os papel\u00f5es e as elei\u00e7\u00f5es &#8211; Paulo Henrique Silva"},"content":{"rendered":"<p>Como imaginado, a virada de semestres em 2014 entrou para a hist\u00f3ria do nosso pa\u00eds devido a v\u00e1rios fatores, muitos deles al\u00e9m do futebol. <\/p>\n<p>Com o in\u00edcio da Copa do Mundo em junho, o t\u00e3o alardeado caos brasileiro n\u00e3o aconteceu e o Ronaldo Fen\u00f4meno passou vergonha meio que sozinho, mais pelo que disse, do que pelo que realmente se viu durante o evento.<\/p>\n<p>O \u2018Fen\u00f4meno\u2019 conversou demais antes da hora e depois precisou \u2018enfiar a viola no saco\u2019 e se render a Copa, com o sucesso do evento reconhecido pelos jornalistas e turistas estrangeiros que estiveram no Brasil. <\/p>\n<p><img decoding=\"async\" src=\"http:\/\/aconteceunovale.com.br\/portal\/wp-content\/uploads\/2014\/07\/boneco_aecio_1.jpg\" alt=\"\" \/><em>(Candidato usou boneco de papel\u00e3o para militantes tirarem fotos &#8211; Foto: Reprodu\u00e7\u00e3o Twitter)<\/em><br \/>\n<\/br><\/p>\n<p>De quebra, com a atua\u00e7\u00e3o da sele\u00e7\u00e3o brasileira em campo diante da Alemanha, ainda perdeu o t\u00edtulo de maior artilheiro de todas as Copas. <\/p>\n<p>Dois papel\u00f5es em um&#8230;<\/p>\n<p>A Fifa tamb\u00e9m n\u00e3o deixou por menos. <\/p>\n<p>Em 2012, durante uma entrevista na Inglaterra, seu secret\u00e1rio geral J\u00e9rome Valcke, foi taxativo: \u201cAs coisas n\u00e3o est\u00e3o funcionando. Muitas coisas est\u00e3o atrasadas. O Brasil merece um chute no traseiro\u201d.<\/p>\n<p>Pois bem, o que vimos durante o evento foram falhas relacionadas aos assuntos de compet\u00eancia da Federa\u00e7\u00e3o Internacional: Stewards, os agentes de seguran\u00e7a privada contratados pela Fifa, permitiram uma invas\u00e3o de cerca de 100 chilenos no Maracan\u00e3, al\u00e9m de objetos e pessoas indevidas dentro das instala\u00e7\u00f5es de todas as Arenas.<\/p>\n<p>Faltaram at\u00e9 comida e bebida em v\u00e1rios est\u00e1dios durante os jogos. <\/p>\n<p>Mas o papel\u00e3o maior da entidade m\u00e1xima do futebol internacional foi o desmantelamento da \u2018m\u00e1fia dos ingressos\u2019 em a\u00e7\u00e3o da Pol\u00edcia Civil do Rio de Janeiro, prendendo os respons\u00e1veis pelo esquema de venda ilegal de bilhetes.  <\/p>\n<p>Com estes papel\u00f5es quem merece um \u201cchute no traseiro\u201d \u00e9 o senhor Valcke e tamb\u00e9m aqueles que defenderam o \u201cpadr\u00e3o Fifa&#8221; para o Brasil, pois o pa\u00eds seria muito pior se adotasse a \u201cobra\u201d de Joseph Blatter e seus companheiros.<\/p>\n<p>Mas vamos adiante. <\/p>\n<p>Entre um gol e outro, a Copa do Mundo no Brasil transcorreu de forma tranquila e, paralelamente ao evento, foram feitos os ajustes finais para as elei\u00e7\u00f5es de outubro.<\/p>\n<p>As conven\u00e7\u00f5es partid\u00e1rias foram finalizadas em 30 de junho, com os partidos pol\u00edticos oficializando seus candidatos para o pleito de outubro. <\/p>\n<p>O que se viu em uma destas conven\u00e7\u00f5es foi, literalmente, v\u00e1rios papel\u00f5es.<\/p>\n<p>O PSDB brindou a sua milit\u00e2ncia e seus correligion\u00e1rios com a possibilidade de tirar fotos \u201ccom A\u00e9cio\u201d. <\/p>\n<p>V\u00e1rios bonecos de papel\u00e3o em tamanho real do candidato foram dispostos para que se pudessem tirar fotos \u201ccom A\u00e9cio\u201d.<\/p>\n<p><img decoding=\"async\" src=\"http:\/\/aconteceunovale.com.br\/portal\/wp-content\/uploads\/2014\/07\/boneco_aecio_2.jpg\" alt=\"\" \/><em>(Candidato usou boneco de papel\u00e3o para militantes tirarem fotos &#8211; Foto: Reprodu\u00e7\u00e3o Twitter)<\/em><br \/>\n<\/br><\/p>\n<p>Este epis\u00f3dio nos remete a d\u00e9cada de 80, \u00e9poca que marcou a chegada do videocassete e o advento das locadoras de filmes. <\/p>\n<p>Eram comuns os bonecos de papel\u00e3o, em tamanho original das estrelas protagonistas dos filmes de Hollywood, decorando os estabelecimentos.<\/p>\n<p>Recentemente, duas ind\u00fastrias pegaram um gancho na Copa e lan\u00e7aram \u201cFelip\u00f5es\u201d e \u201cNeymars\u201d de papel\u00e3o em suas campanhas publicitarias nos pontos de venda. A do t\u00e9cnico ga\u00facho contemplava ainda um espa\u00e7o para tirar uma foto \u201cao seu lado\u201d.<\/p>\n<p>T\u00edpico recurso utilizado por celebridades, os bonecos de papel\u00e3o de pol\u00edticos nos for\u00e7am a uma reflex\u00e3o.<\/p>\n<p>O que passa na mente de um marqueteiro pol\u00edtico que \u201cvende\u201d o seu candidato como celebridade? \u00c9 consensual com o pol\u00edtico?<\/p>\n<p>O mais intrigante \u00e9 imaginar o pensamento do pol\u00edtico que se sente (e tamb\u00e9m se comporta) como uma celebridade.<\/p>\n<p>Afinal, s\u00e3o representantes da sociedade, eleitos pelo povo, pagos com dinheiro p\u00fablico e respons\u00e1veis em defender os anseios dos seus eleitores.<\/p>\n<p>Pol\u00edtico celebridade \u00e9 o que o nosso pa\u00eds n\u00e3o precisa, pelo contr\u00e1rio, precisa estar junto da sociedade, ouvindo os seus representados nas ruas e contribuindo para constru\u00e7\u00e3o de uma sociedade mais igualit\u00e1ria e justa.<\/p>\n<p>Basta a badala\u00e7\u00e3o em cima dos jogadores, t\u00e9cnicos e dirigentes de futebol; afinal, deu no que deu n\u00e9&#8230; Um baita papel\u00e3o&#8230;<\/p>\n<p>O momento \u00e9 oportuno para reflex\u00f5es acerca da rela\u00e7\u00e3o entre os fatos do dia a dia e o que eles representam nos rumos do nosso pa\u00eds.<\/p>\n<p>Ouvimos incessantemente o pessimismo nas campanhas virtuais #imaginanacopa ou #n\u00e3ovaitercopa.<\/p>\n<p>Tentou-se massivamente tirar o sentimento de patriotismo de um povo com rela\u00e7\u00e3o a sua na\u00e7\u00e3o e nada aconteceu de alarmante a n\u00e3o ser a derrota vexat\u00f3ria da sele\u00e7\u00e3o da CBF, uma entidade privada e para poucos abastados dirigentes. <\/p>\n<p>Retomemos agora a aten\u00e7\u00e3o para as propostas daqueles que querem representar o povo, mas que se comportam como celebridades hollywoodianas.<\/p>\n<p>No \u201cjogo\u201d da elei\u00e7\u00e3o quem n\u00e3o pode perder \u00e9 a sociedade. <\/p>\n<p>Forte abra\u00e7o!<\/p>\n","protected":false},"excerpt":{"rendered":"<p>Como imaginado, a virada de semestres em 2014 entrou para a hist\u00f3ria do nosso pa\u00eds devido a v\u00e1rios fatores, muitos deles al\u00e9m do futebol. Com o in\u00edcio da Copa do Mundo em junho, o t\u00e3o alardeado caos brasileiro n\u00e3o aconteceu e o Ronaldo Fen\u00f4meno passou vergonha meio que sozinho, mais pelo que disse, do que [&hellip;]<\/p>\n","protected":false},"author":1,"featured_media":34818,"comment_status":"open","ping_status":"closed","sticky":false,"template":"","format":"standard","meta":{"amp_status":"","footnotes":""},"categories":[4927],"tags":[2728,11375,11367,11371,11369,11378,11379,11381,1018,11377,11372,11380,11366,11370,11368,11376,11373,11374],"class_list":["post-34817","post","type-post","status-publish","format-standard","has-post-thumbnail","hentry","category-colunistas","tag-aecio-neves","tag-as-coisas-nao-estao-funcionando-muitas-coisas-estao-atrasadas-o-brasil-merece-um-chute-no-traseiro","tag-as-gafes-da-copa","tag-as-gafes-das-eleicoes","tag-as-gafes-dos-politicos","tag-bonecos-de-papelao-do-aecio","tag-candidato-aecio-neves","tag-candidato-usou-boneco-de-papelao-para-militantes-tirarem-fotos","tag-destaque","tag-mafia-dos-ingressos","tag-o-tao-alardeado-caos-brasileiro-nao-aconteceu-e-o-ronaldo-fenomeno-passou-vergonha-meio-que-sozinho","tag-os-bonecos-de-papelao-do-candidato-aecio-neves","tag-os-papeloes-da-copa","tag-os-papeloes-das-eleicoes","tag-os-papeloes-dos-politicos","tag-paulo-henrique-silva","tag-ronaldo-fenomeno-passou-vergonha","tag-sucesso-do-evento-reconhecido-pelos-jornalistas-e-turistas-estrangeiros-que-estiveram-no-brasil"],"_links":{"self":[{"href":"https:\/\/aconteceunovale.com.br\/portal\/index.php?rest_route=\/wp\/v2\/posts\/34817","targetHints":{"allow":["GET"]}}],"collection":[{"href":"https:\/\/aconteceunovale.com.br\/portal\/index.php?rest_route=\/wp\/v2\/posts"}],"about":[{"href":"https:\/\/aconteceunovale.com.br\/portal\/index.php?rest_route=\/wp\/v2\/types\/post"}],"author":[{"embeddable":true,"href":"https:\/\/aconteceunovale.com.br\/portal\/index.php?rest_route=\/wp\/v2\/users\/1"}],"replies":[{"embeddable":true,"href":"https:\/\/aconteceunovale.com.br\/portal\/index.php?rest_route=%2Fwp%2Fv2%2Fcomments&post=34817"}],"version-history":[{"count":0,"href":"https:\/\/aconteceunovale.com.br\/portal\/index.php?rest_route=\/wp\/v2\/posts\/34817\/revisions"}],"wp:featuredmedia":[{"embeddable":true,"href":"https:\/\/aconteceunovale.com.br\/portal\/index.php?rest_route=\/wp\/v2\/media\/34818"}],"wp:attachment":[{"href":"https:\/\/aconteceunovale.com.br\/portal\/index.php?rest_route=%2Fwp%2Fv2%2Fmedia&parent=34817"}],"wp:term":[{"taxonomy":"category","embeddable":true,"href":"https:\/\/aconteceunovale.com.br\/portal\/index.php?rest_route=%2Fwp%2Fv2%2Fcategories&post=34817"},{"taxonomy":"post_tag","embeddable":true,"href":"https:\/\/aconteceunovale.com.br\/portal\/index.php?rest_route=%2Fwp%2Fv2%2Ftags&post=34817"}],"curies":[{"name":"wp","href":"https:\/\/api.w.org\/{rel}","templated":true}]}}