{"id":34807,"date":"2014-07-14T21:53:37","date_gmt":"2014-07-15T00:53:37","guid":{"rendered":"http:\/\/aconteceunovale.com.br\/portal\/?p=34807"},"modified":"2014-07-14T21:53:37","modified_gmt":"2014-07-15T00:53:37","slug":"br-381-sera-interditada-por-dois-dias-para-instalacao-de-contadores-de-veiculos","status":"publish","type":"post","link":"https:\/\/aconteceunovale.com.br\/portal\/?p=34807","title":{"rendered":"BR-381 ser\u00e1 interditada por dois dias para instala\u00e7\u00e3o de contadores de ve\u00edculos"},"content":{"rendered":"<p>A BR-381 ficar\u00e1 parcialmente interditada nesta ter\u00e7a-feira (15) e quarta (16) para a instala\u00e7\u00e3o de um equipamento de contagem de ve\u00edculos. A interdi\u00e7\u00e3o vai acontecer no KM 443,2, altura de Sabar\u00e1, na regi\u00e3o metropolitana de Belo Horizonte.<\/p>\n<p>Os contadores fazem parte do Plano Nacional de Contagem de Tr\u00e2nsito (PNCT), e t\u00eam objetivo de tra\u00e7ar o perfil de rodagem na malha rodovi\u00e1ria do pa\u00eds. Conforme o Departamento Nacional de Infraestrutura de Transportes (DNIT), os aparelhos n\u00e3o t\u00eam a fun\u00e7\u00e3o de radar, mas sim a de contagem, pesagem e tipifica\u00e7\u00e3o dos ve\u00edculos.<\/p>\n<p>As interven\u00e7\u00f5es v\u00e3o acontecer entre 8h e 18h desta ter\u00e7a e quarta. O tr\u00e2nsito fluir\u00e1 no esquema Pare e Siga, e ser\u00e1 monitorado e coordenado pela Pol\u00edcia Rodovi\u00e1ria Federal (PRF).<\/p>\n<h4><strong>Sugest\u00f5es de desvios<\/strong><\/h4>\n<p>De acordo com a PRF, a op\u00e7\u00e3o de desvios para ve\u00edculos pequenos \u00e9 passar por Sabar\u00e1 e Caet\u00e9.<\/p>\n<p>O motorista que segue no sentido BH\/Jo\u00e3o Monlevade deve, no final do Anel Rodovi\u00e1rio, pegar o acesso para Sabar\u00e1, seguir at\u00e9 Caet\u00e9, e sair no trevo, j\u00e1 na BR-381. Quem vem para a capital, a op\u00e7\u00e3o \u00e9 entrar pelo trevo de Caet\u00e9, seguir at\u00e9 Sabar\u00e1, e por fim acessar o Anel Rodovi\u00e1rio. Os desvios n\u00e3o s\u00e3o aconselh\u00e1veis para ve\u00edculos de grande porte.<\/p>\n<p><em><strong>(O Tempo)<\/strong><\/em><\/p>\n","protected":false},"excerpt":{"rendered":"<p>A BR-381 ficar\u00e1 parcialmente interditada nesta ter\u00e7a-feira (15) e quarta (16) para a instala\u00e7\u00e3o de um equipamento de contagem de ve\u00edculos. A interdi\u00e7\u00e3o vai acontecer no KM 443,2, altura de Sabar\u00e1, na regi\u00e3o metropolitana de Belo Horizonte. Os contadores fazem parte do Plano Nacional de Contagem de Tr\u00e2nsito (PNCT), e t\u00eam objetivo de tra\u00e7ar o [&hellip;]<\/p>\n","protected":false},"author":1,"featured_media":34808,"comment_status":"open","ping_status":"closed","sticky":false,"template":"","format":"standard","meta":{"amp_status":"","footnotes":""},"categories":[123],"tags":[11362,1018,11364,11363],"class_list":["post-34807","post","type-post","status-publish","format-standard","has-post-thumbnail","hentry","category-gerais","tag-br-381-sera-interditada-por-dois-dias-para-instalacao-de-contadores-de-veiculos","tag-destaque","tag-interdicao-da-381","tag-opcoes-de-desvios-para-nao-passar-na-381"],"_links":{"self":[{"href":"https:\/\/aconteceunovale.com.br\/portal\/index.php?rest_route=\/wp\/v2\/posts\/34807","targetHints":{"allow":["GET"]}}],"collection":[{"href":"https:\/\/aconteceunovale.com.br\/portal\/index.php?rest_route=\/wp\/v2\/posts"}],"about":[{"href":"https:\/\/aconteceunovale.com.br\/portal\/index.php?rest_route=\/wp\/v2\/types\/post"}],"author":[{"embeddable":true,"href":"https:\/\/aconteceunovale.com.br\/portal\/index.php?rest_route=\/wp\/v2\/users\/1"}],"replies":[{"embeddable":true,"href":"https:\/\/aconteceunovale.com.br\/portal\/index.php?rest_route=%2Fwp%2Fv2%2Fcomments&post=34807"}],"version-history":[{"count":0,"href":"https:\/\/aconteceunovale.com.br\/portal\/index.php?rest_route=\/wp\/v2\/posts\/34807\/revisions"}],"wp:featuredmedia":[{"embeddable":true,"href":"https:\/\/aconteceunovale.com.br\/portal\/index.php?rest_route=\/wp\/v2\/media\/34808"}],"wp:attachment":[{"href":"https:\/\/aconteceunovale.com.br\/portal\/index.php?rest_route=%2Fwp%2Fv2%2Fmedia&parent=34807"}],"wp:term":[{"taxonomy":"category","embeddable":true,"href":"https:\/\/aconteceunovale.com.br\/portal\/index.php?rest_route=%2Fwp%2Fv2%2Fcategories&post=34807"},{"taxonomy":"post_tag","embeddable":true,"href":"https:\/\/aconteceunovale.com.br\/portal\/index.php?rest_route=%2Fwp%2Fv2%2Ftags&post=34807"}],"curies":[{"name":"wp","href":"https:\/\/api.w.org\/{rel}","templated":true}]}}