{"id":34804,"date":"2014-07-14T21:45:00","date_gmt":"2014-07-15T00:45:00","guid":{"rendered":"http:\/\/aconteceunovale.com.br\/portal\/?p=34804"},"modified":"2014-07-14T21:45:00","modified_gmt":"2014-07-15T00:45:00","slug":"mais-de-71-mil-pessoas-se-inscreveram-para-o-concurso-de-investigador-da-policia-civil-em-minas","status":"publish","type":"post","link":"https:\/\/aconteceunovale.com.br\/portal\/?p=34804","title":{"rendered":"Mais de 71 mil pessoas se inscreveram para o concurso de investigador da Pol\u00edcia Civil em Minas"},"content":{"rendered":"<p>Um total de 71.340 pessoas se candidataram a uma vaga no concurso p\u00fablico para exercer o cargo de investigador da Pol\u00edcia Civil. As inscri\u00e7\u00f5es foram encerradas na quinta-feira (10). O concurso p\u00fablico oferece mil vagas para o cargo.  A prova objetiva ser\u00e1 realizada no dia 10 de agosto deste ano, 30 dias ap\u00f3s o fim das inscri\u00e7\u00f5es.<\/p>\n<p>O edital do concurso foi publicado na edi\u00e7\u00e3o do dia 3 de abril do Di\u00e1rio Oficial do Estado. O concurso \u00e9 uma das medidas previstas na Lei Org\u00e2nica, sancionada no final do ano passado, que prev\u00ea amplia\u00e7\u00e3o de servidores em todas as carreiras policiais.<\/p>\n<p><img decoding=\"async\" src=\"http:\/\/aconteceunovale.com.br\/portal\/wp-content\/uploads\/2014\/07\/concurso_pc_71_mil_inscritos.jpg\" alt=\"\" \/><em>Pol\u00edcia Covil recebeu mais de 71 mil inscritos para concurso &#8211; Foto: Alex de Jesus \/ O Tempo<\/em><br \/>\n<\/br><\/p>\n<p>Para o chefe da Pol\u00edcia Civil de Minas Gerais, Oliveira Santiago Maciel, o n\u00famero de inscritos demonstra a procura expressiva para o concurso e a vontade das pessoas ingressarem na carreira. \u201cCom os recentes concursos, esperamos melhorar cada vez mais a presta\u00e7\u00e3o de servi\u00e7o \u00e0 sociedade\u201d, ressalta.<\/p>\n<p>Em mar\u00e7o de 2013, a Pol\u00edcia Civil j\u00e1 havia dado posse \u00e0 maior turma de delegados da hist\u00f3ria da institui\u00e7\u00e3o. Com os 420 profissionais formados pela Acadepol, pela primeira vez na hist\u00f3ria de Minas, todas as comarcas passaram a contar com um delegado. Ainda em 2013, 125 novos escriv\u00e3es e 866 t\u00e9cnicos assistentes ingressaram na corpora\u00e7\u00e3o, tamb\u00e9m por meio de concurso p\u00fablico.<\/p>\n<p>Al\u00e9m dos novos concursados de 2013, 123 m\u00e9dicos legistas e 96 peritos criminais entraram para o quadro funcional da pol\u00edcia no primeiro semestre de 2014.<\/p>\n<p>\u201cEstamos ansiosos por receber os novos colegas na carreira policial. Passar em um concurso \u00e9 um sonho para muitas pessoas, assim como n\u00f3s ingressamos um dia\u201d, recorda o chefe Academia de Pol\u00edcia Civil (Acadepol), Marco Ant\u00f4nio Monteiro. <\/p>\n<p><strong><em>(O Tempo \/ Com informa\u00e7\u00f5es da Pol\u00edcia Civil)<\/em><\/strong><\/p>\n","protected":false},"excerpt":{"rendered":"<p>Um total de 71.340 pessoas se candidataram a uma vaga no concurso p\u00fablico para exercer o cargo de investigador da Pol\u00edcia Civil. As inscri\u00e7\u00f5es foram encerradas na quinta-feira (10). O concurso p\u00fablico oferece mil vagas para o cargo. A prova objetiva ser\u00e1 realizada no dia 10 de agosto deste ano, 30 dias ap\u00f3s o fim [&hellip;]<\/p>\n","protected":false},"author":1,"featured_media":34805,"comment_status":"open","ping_status":"closed","sticky":false,"template":"","format":"standard","meta":{"amp_status":"","footnotes":""},"categories":[123],"tags":[11361,1018,11360],"class_list":["post-34804","post","type-post","status-publish","format-standard","has-post-thumbnail","hentry","category-gerais","tag-concurso-de-investigador-da-policia-civil-em-minas","tag-destaque","tag-mais-de-71-mil-pessoas-se-inscreveram-para-o-concurso-de-investigador-da-policia-civil-em-minas"],"_links":{"self":[{"href":"https:\/\/aconteceunovale.com.br\/portal\/index.php?rest_route=\/wp\/v2\/posts\/34804","targetHints":{"allow":["GET"]}}],"collection":[{"href":"https:\/\/aconteceunovale.com.br\/portal\/index.php?rest_route=\/wp\/v2\/posts"}],"about":[{"href":"https:\/\/aconteceunovale.com.br\/portal\/index.php?rest_route=\/wp\/v2\/types\/post"}],"author":[{"embeddable":true,"href":"https:\/\/aconteceunovale.com.br\/portal\/index.php?rest_route=\/wp\/v2\/users\/1"}],"replies":[{"embeddable":true,"href":"https:\/\/aconteceunovale.com.br\/portal\/index.php?rest_route=%2Fwp%2Fv2%2Fcomments&post=34804"}],"version-history":[{"count":0,"href":"https:\/\/aconteceunovale.com.br\/portal\/index.php?rest_route=\/wp\/v2\/posts\/34804\/revisions"}],"wp:featuredmedia":[{"embeddable":true,"href":"https:\/\/aconteceunovale.com.br\/portal\/index.php?rest_route=\/wp\/v2\/media\/34805"}],"wp:attachment":[{"href":"https:\/\/aconteceunovale.com.br\/portal\/index.php?rest_route=%2Fwp%2Fv2%2Fmedia&parent=34804"}],"wp:term":[{"taxonomy":"category","embeddable":true,"href":"https:\/\/aconteceunovale.com.br\/portal\/index.php?rest_route=%2Fwp%2Fv2%2Fcategories&post=34804"},{"taxonomy":"post_tag","embeddable":true,"href":"https:\/\/aconteceunovale.com.br\/portal\/index.php?rest_route=%2Fwp%2Fv2%2Ftags&post=34804"}],"curies":[{"name":"wp","href":"https:\/\/api.w.org\/{rel}","templated":true}]}}