{"id":34743,"date":"2014-07-14T00:23:26","date_gmt":"2014-07-14T03:23:26","guid":{"rendered":"http:\/\/aconteceunovale.com.br\/portal\/?p=34743"},"modified":"2014-07-14T00:37:12","modified_gmt":"2014-07-14T03:37:12","slug":"luiz-felipe-scolari-nao-e-mais-tecnico-da-selecao-brasileira","status":"publish","type":"post","link":"https:\/\/aconteceunovale.com.br\/portal\/?p=34743","title":{"rendered":"Luiz Felipe Scolari n\u00e3o \u00e9 mais t\u00e9cnico da Sele\u00e7\u00e3o Brasileira"},"content":{"rendered":"<h4><strong>Pressionado pelas goleadas sofridas contra Alemanha e Holanda, treinador deixa o comando do Brasil ap\u00f3s um ano e meio no cargo e o quarto lugar no Mundial 2014<\/strong><\/h4>\n<p>Felip\u00e3o n\u00e3o \u00e9 mais t\u00e9cnico da sele\u00e7\u00e3o brasileira. A derrota vexat\u00f3ria para a Alemanha, por 7 a 1, nas semifinais da Copa do Mundo, e o outro rev\u00e9s em seguida, na disputa pelo terceiro lugar, por 3 a 0, para a Holanda, decretaram a queda do comandante. Luiz Felipe Scolari assumiu o Brasil no ano passado, um pouco antes da Copa das Confedera\u00e7\u00f5es, e conquistou o t\u00edtulo em cima da Espanha, vencendo por 3 a 0 no Maracan\u00e3. Foram 29 jogos no comando da Sele\u00e7\u00e3o, com 19 vit\u00f3rias, seis empates e quatro derrotas. Na Copa do Mundo deste ano, foram sete jogos, com duas derrotas, tr\u00eas vit\u00f3rias e dois empates.<\/p>\n<p><img decoding=\"async\" src=\"http:\/\/aconteceunovale.com.br\/portal\/wp-content\/uploads\/2014\/07\/felipao_nao_e_mais_tecnico_do_brasil.jpeg\" alt=\"\" \/><strong><em>Luiz Felipe Scolari n\u00e3o \u00e9 mais t\u00e9cnico da sele\u00e7\u00e3o brasileira (Foto: Rafael Ribeiro \/ CBF)<\/em><\/strong><br \/>\n<\/br><\/p>\n<p>Ap\u00f3s a derrota para a Holanda no Est\u00e1dio Man\u00e9 Garrincha, em Bras\u00edlia, na coletiva de imprensa, Felip\u00e3o entregou o cargo para a Confedera\u00e7\u00e3o Brasileira de Futebol (CBF), como, segundo o pr\u00f3prio, j\u00e1 havia ficado acertado com a entidade. A CBF aceitou o pedido de Felip\u00e3o e confirmou a demiss\u00e3o de Luiz Felipe Scolari, Carlos Alberto Parreira e de toda a comiss\u00e3o t\u00e9cnica que trabalhou na Copa do Mundo. <\/p>\n<p>A CBF ainda n\u00e3o oficializa a queda do treinador, o que ir\u00e1 acontecer nesta segunda-feira. Assim, o Brasil parte em busca de um novo t\u00e9cnico para assumir o projeto que ter\u00e1 como ponto alto a Copa do Mundo de 2018, na R\u00fassia, passando pela Copa Am\u00e9rica do Chile, em 2015, e das Eliminat\u00f3rias Sul-Americanas para o Mundial, que o pa\u00eds volta a disputar ap\u00f3s ser sede do evento.<\/p>\n<p>(Fonte: <a href=\"http:\/\/globoesporte.globo.com\/futebol\/selecao-brasileira\/noticia\/2014\/07\/apos-vexame-na-reta-final-da-copa-felipao-nao-e-mais-tecnico-da-selecao.html\" target=\"_blank\">Globo Esporte<\/a>)<\/p>\n","protected":false},"excerpt":{"rendered":"<p>Pressionado pelas goleadas sofridas contra Alemanha e Holanda, treinador deixa o comando do Brasil ap\u00f3s um ano e meio no cargo e o quarto lugar no Mundial 2014 Felip\u00e3o n\u00e3o \u00e9 mais t\u00e9cnico da sele\u00e7\u00e3o brasileira. A derrota vexat\u00f3ria para a Alemanha, por 7 a 1, nas semifinais da Copa do Mundo, e o outro [&hellip;]<\/p>\n","protected":false},"author":1,"featured_media":34744,"comment_status":"open","ping_status":"closed","sticky":false,"template":"","format":"standard","meta":{"amp_status":"","footnotes":""},"categories":[59],"tags":[11273,11263,11245,11259,11269,11230,11258,11246,11270,11233,11231,11247,11234,11232,11248,11249,1018,11260,11238,11239,11275,11288,11289,11225,11228,11223,11226,11229,11236,11261,11235,11281,11271,11272,11268,11280,11224,11244,11256,11284,11285,11282,11283,11278,11250,11255,11252,11276,11264,11265,11274,11237,11243,11262,11267,11277,11241,11279,11254,11266,11242,11240,11253,11227,11286,11287,11257,11251],"class_list":["post-34743","post","type-post","status-publish","format-standard","has-post-thumbnail","hentry","category-sports","tag-a-souligne-selection","tag-and-fourth-in-the-world-cup-2014","tag-brasiliano-nazionale-e-alla-ricerca-di-un-nuovo-allenatore","tag-brazilian-football-confederation-scolari-resigns-command-of-the-brazilian-team","tag-brazilian-national-team-is-looking-for-a-new-coach","tag-cbf-demite-felipao-da-selecao-brasileira","tag-cbf-scolari-dismisses-the-brazilian-team","tag-cbf-scolari-rechaza-la-seleccion-brasilena","tag-cbf-scolari-rejette-lequipe-bresilienne","tag-cbf-scolari-respinge-la-squadra-brasiliana","tag-confederacao-brasileira-de-futebol-demite-felipao-do-comando-da-selecao-brasileira","tag-confederacion-brasilena-de-futbol-scolari-comando-de-la-seleccion-brasilena-renuncia","tag-confederazione-brasiliana-di-calcio-scolari-si-dimette-il-comando-della-squadra-brasiliana","tag-demissao-de-felipao-da-selecao-brasileira","tag-despido-del-brasileno-scolari","tag-destaco-la-seleccion","tag-destaque","tag-dismissal-of-the-brazilian-scolari","tag-dopo-un-anno-e-mezzo-in-carica","tag-e-quarto-nel-mondiale-2014","tag-et-la-quatrieme-a-la-coupe-du-monde-2014","tag-felipao-deixa-a-selecao-brasileira","tag-felipao-deixa-o-comando-da-selecao-brasileira","tag-felipao-deixa-o-comando-do-brasil-apos-um-ano-e-meio-no-cargo-e-o-quarto-lugar-no-mundial-2014","tag-felipao-e-demitido-da-selecao-brasileira","tag-felipao-nao-e-mais-tecnico-da-selecao-brasileira","tag-felipao-pede-demissao-da-selecao-brasileira","tag-felipao-sai-da-selecao-brasileira","tag-ha-evidenziato-la-selezione","tag-highlighted-selection","tag-il-licenziamento-di-scolari-brasiliano","tag-lequipe-nationale-du-bresil-est-a-la-recherche-dun-nouvel-entraineur","tag-la-confederation-bresilienne-de-football-scolari-commande-de-lequipe-bresilienne-demissionne","tag-le-licenciement-de-lscolari-bresilienne","tag-luiz-felipe-scolari-is-no-longer-coach-of-the-brazilian","tag-luiz-felipe-scolari-nest-plus-lentraineur-du-bresil","tag-luiz-felipe-scolari-nao-e-mais-tecnico-da-selecao-brasileira","tag-luiz-felipe-scolari-non-e-piu-allenatore-del-brasiliano","tag-luiz-felipe-scolari-ya-no-es-entrenador-del-brasileno","tag-novo-tecnico-da-selecao-brasileira","tag-novo-tecnico-do-brasil","tag-novo-treinador-da-selecao-brasileira","tag-novo-treinador-do-brasil","tag-scolari-a-demissionne-lequipe-bresilienne","tag-scolari-deja-el-control-de-brasil-despues-de-un-ano-y-medio-en-el-cargo","tag-scolari-deja-la-seleccion-brasilena","tag-scolari-es-despedido-de-la-seleccion-brasilena","tag-scolari-est-tire-de-lequipe-nationale-bresilienne","tag-scolari-is-fired-from-the-brazilian-national-team","tag-scolari-is-no-longer-coach-of-the-brazilian-team","tag-scolari-laisse-le-controle-du-bresil-apres-un-an-et-demi-dans-le-bureau","tag-scolari-lascia-il-controllo-del-brasile","tag-scolari-lascia-la-squadra-brasiliana","tag-scolari-leaves-control-of-brazil-after-a-year-and-a-half-in-office","tag-scolari-leaves-the-brazilian-team","tag-scolari-nest-plus-lentraineur-de-lequipe-bresilienne","tag-scolari-non-e-piu-allenatore-della-squadra-brasiliana","tag-scolari-quitte-lequipe-bresilienne","tag-scolari-renuncio-a-la-seleccion-brasilena","tag-scolari-resigned-the-brazilian-team","tag-scolari-si-e-dimesso-la-squadra-brasiliana","tag-scolari-viene-licenziato-dalla-squadra-nazionale-brasiliana","tag-scolari-ya-no-es-el-entrenador-de-la-seleccion-brasilena","tag-selecao-brasileira-esta-a-procura-de-um-novo-tecnico","tag-selecao-brasileira-procura-novo-tecnico","tag-selecao-brasileira-procura-novo-treinador","tag-seleccion-de-brasil-esta-buscando-un-nuevo-entrenador","tag-y-el-cuarto-lugar-en-la-copa-del-mundo-de-2014"],"_links":{"self":[{"href":"https:\/\/aconteceunovale.com.br\/portal\/index.php?rest_route=\/wp\/v2\/posts\/34743","targetHints":{"allow":["GET"]}}],"collection":[{"href":"https:\/\/aconteceunovale.com.br\/portal\/index.php?rest_route=\/wp\/v2\/posts"}],"about":[{"href":"https:\/\/aconteceunovale.com.br\/portal\/index.php?rest_route=\/wp\/v2\/types\/post"}],"author":[{"embeddable":true,"href":"https:\/\/aconteceunovale.com.br\/portal\/index.php?rest_route=\/wp\/v2\/users\/1"}],"replies":[{"embeddable":true,"href":"https:\/\/aconteceunovale.com.br\/portal\/index.php?rest_route=%2Fwp%2Fv2%2Fcomments&post=34743"}],"version-history":[{"count":0,"href":"https:\/\/aconteceunovale.com.br\/portal\/index.php?rest_route=\/wp\/v2\/posts\/34743\/revisions"}],"wp:featuredmedia":[{"embeddable":true,"href":"https:\/\/aconteceunovale.com.br\/portal\/index.php?rest_route=\/wp\/v2\/media\/34744"}],"wp:attachment":[{"href":"https:\/\/aconteceunovale.com.br\/portal\/index.php?rest_route=%2Fwp%2Fv2%2Fmedia&parent=34743"}],"wp:term":[{"taxonomy":"category","embeddable":true,"href":"https:\/\/aconteceunovale.com.br\/portal\/index.php?rest_route=%2Fwp%2Fv2%2Fcategories&post=34743"},{"taxonomy":"post_tag","embeddable":true,"href":"https:\/\/aconteceunovale.com.br\/portal\/index.php?rest_route=%2Fwp%2Fv2%2Ftags&post=34743"}],"curies":[{"name":"wp","href":"https:\/\/api.w.org\/{rel}","templated":true}]}}