{"id":34734,"date":"2014-07-13T22:09:41","date_gmt":"2014-07-14T01:09:41","guid":{"rendered":"http:\/\/aconteceunovale.com.br\/portal\/?p=34734"},"modified":"2014-07-13T22:09:41","modified_gmt":"2014-07-14T01:09:41","slug":"homem-de-27-anos-morre-em-acidente-com-moto-em-jequitinhonha","status":"publish","type":"post","link":"https:\/\/aconteceunovale.com.br\/portal\/?p=34734","title":{"rendered":"Homem de 27 anos morre em acidente com moto em Jequitinhonha"},"content":{"rendered":"<p>Um motociclista de 27 anos morreu ap\u00f3s sofrer um acidente no distrito de Caju, no munic\u00edpio de Jequitinhonha, no Vale do Jequitinhonha. De acordo com informa\u00e7\u00f5es da Pol\u00edcia Militar GILVANIO NEVES DE OLIVEIRA foi encontrado sem os sinais vitais por volta das 11 horas da manh\u00e3 na estrada vicinal que liga a Comunidade de Palma\u00e7o a Fazenda Aldeia.<\/p>\n<p>De acordo com informa\u00e7\u00f5es, a v\u00edtima seguia da Fazenda Aldeia sentido a Fazenda Sete Lagoas, quando perdeu o controle direcional da motocicleta Honda CG Titan 150 ES, de cor azul, placa GZL-6276, de Itaobim\/MG, vindo a cair ao solo. O jovem n\u00e3o resistiu aos ferimentos e morreu no local.<\/p>\n<p>A per\u00edcia t\u00e9cnica da Pol\u00edcia Civil compareceu ao local e ap\u00f3s os procedimentos de praxe, o corpo foi recolhido e encaminhado para o Instituto M\u00e9dico Legal. A motocicleta foi apreendida e encaminhada para um p\u00e1tio credenciado por estar com o Cerificado de Registro e Licenciamento de Ve\u00edculo (CRLV) irregular.<\/p>\n","protected":false},"excerpt":{"rendered":"<p>Um motociclista de 27 anos morreu ap\u00f3s sofrer um acidente no distrito de Caju, no munic\u00edpio de Jequitinhonha, no Vale do Jequitinhonha. De acordo com informa\u00e7\u00f5es da Pol\u00edcia Militar GILVANIO NEVES DE OLIVEIRA foi encontrado sem os sinais vitais por volta das 11 horas da manh\u00e3 na estrada vicinal que liga a Comunidade de Palma\u00e7o [&hellip;]<\/p>\n","protected":false},"author":1,"featured_media":34735,"comment_status":"open","ping_status":"closed","sticky":false,"template":"","format":"standard","meta":{"amp_status":"","footnotes":""},"categories":[120],"tags":[11219,11218,206030],"class_list":["post-34734","post","type-post","status-publish","format-standard","has-post-thumbnail","hentry","category-jequi","tag-gilvanio-neves-de-oliveira","tag-homem-de-27-anos-morre-em-acidente-com-moto-em-jequitinhonha","tag-jequi"],"_links":{"self":[{"href":"https:\/\/aconteceunovale.com.br\/portal\/index.php?rest_route=\/wp\/v2\/posts\/34734","targetHints":{"allow":["GET"]}}],"collection":[{"href":"https:\/\/aconteceunovale.com.br\/portal\/index.php?rest_route=\/wp\/v2\/posts"}],"about":[{"href":"https:\/\/aconteceunovale.com.br\/portal\/index.php?rest_route=\/wp\/v2\/types\/post"}],"author":[{"embeddable":true,"href":"https:\/\/aconteceunovale.com.br\/portal\/index.php?rest_route=\/wp\/v2\/users\/1"}],"replies":[{"embeddable":true,"href":"https:\/\/aconteceunovale.com.br\/portal\/index.php?rest_route=%2Fwp%2Fv2%2Fcomments&post=34734"}],"version-history":[{"count":0,"href":"https:\/\/aconteceunovale.com.br\/portal\/index.php?rest_route=\/wp\/v2\/posts\/34734\/revisions"}],"wp:featuredmedia":[{"embeddable":true,"href":"https:\/\/aconteceunovale.com.br\/portal\/index.php?rest_route=\/wp\/v2\/media\/34735"}],"wp:attachment":[{"href":"https:\/\/aconteceunovale.com.br\/portal\/index.php?rest_route=%2Fwp%2Fv2%2Fmedia&parent=34734"}],"wp:term":[{"taxonomy":"category","embeddable":true,"href":"https:\/\/aconteceunovale.com.br\/portal\/index.php?rest_route=%2Fwp%2Fv2%2Fcategories&post=34734"},{"taxonomy":"post_tag","embeddable":true,"href":"https:\/\/aconteceunovale.com.br\/portal\/index.php?rest_route=%2Fwp%2Fv2%2Ftags&post=34734"}],"curies":[{"name":"wp","href":"https:\/\/api.w.org\/{rel}","templated":true}]}}