{"id":34716,"date":"2014-07-13T17:17:11","date_gmt":"2014-07-13T20:17:11","guid":{"rendered":"http:\/\/aconteceunovale.com.br\/portal\/?p=34716"},"modified":"2014-07-13T21:55:40","modified_gmt":"2014-07-14T00:55:40","slug":"homem-que-estava-desaparecido-e-encontrado-morto-em-santana-do-paraiso","status":"publish","type":"post","link":"https:\/\/aconteceunovale.com.br\/portal\/?p=34716","title":{"rendered":"Homem que estava desaparecido \u00e9 encontrado morto em Santana do Para\u00edso"},"content":{"rendered":"<p>O corpo de um homem de 43 anos que estava desaparecido desde o dia 01 de julho foi encontrado neste domingo (13), em Santana do Para\u00edso, no Vale do A\u00e7o. Ap\u00f3s receberem um bilhete an\u00f4nimo informando onde estaria o corpo, familiares deslocaram at\u00e9 o local e encontraram o cad\u00e1ver de Edvaldo Arcanjo de Souza, popularmente conhecido como &#8220;Godelo&#8221;.<\/p>\n<p>O corpo estava em avan\u00e7ado estado de decomposi\u00e7\u00e3o e putrefa\u00e7\u00e3o, no meio de um matagal na estrada de acesso ao C\u00f3rrego Ponciano. A per\u00edcia t\u00e9cnica da Pol\u00edcia Civil compareceu ao local e ap\u00f3s os levantamentos iniciais, o corpo foi recolhido e encaminhado para o Instituto M\u00e9dico Legal. <\/p>\n<p>As causas da morte dever\u00e3o ser indicadas ap\u00f3s os procedimentos no IML. Segundo o perito Isaque, n\u00e3o foi poss\u00edvel concluir o laudo t\u00e9cnico, visto que n\u00e3o conseguiu detectar sinais de les\u00e3o ou viol\u00eancia no corpo, devido ao estado em que se encontrava.<\/p>\n<p>A v\u00edtima era portada de problemas mentais e tomava medicamentos controlados. A Pol\u00edcia Civil dever\u00e1 investigar o caso. <\/p>\n<p><img decoding=\"async\" src=\"http:\/\/aconteceunovale.com.br\/portal\/wp-content\/uploads\/2014\/07\/morte_coronel_fabriciano_godelo_1.jpg\" alt=\"\" \/><em>(Corpo foi encontrado em um matagal em avan\u00e7ado estado de decomposi\u00e7\u00e3o &#8211; Foto: Reprodu\u00e7\u00e3o)<\/em><\/p>\n","protected":false},"excerpt":{"rendered":"<p>O corpo de um homem de 43 anos que estava desaparecido desde o dia 01 de julho foi encontrado neste domingo (13), em Santana do Para\u00edso, no Vale do A\u00e7o. Ap\u00f3s receberem um bilhete an\u00f4nimo informando onde estaria o corpo, familiares deslocaram at\u00e9 o local e encontraram o cad\u00e1ver de Edvaldo Arcanjo de Souza, popularmente [&hellip;]<\/p>\n","protected":false},"author":1,"featured_media":34718,"comment_status":"open","ping_status":"closed","sticky":false,"template":"","format":"standard","meta":{"amp_status":"","footnotes":""},"categories":[121],"tags":[11190,11191,11188,11189,2101],"class_list":["post-34716","post","type-post","status-publish","format-standard","has-post-thumbnail","hentry","category-leste","tag-corpo-do-godelo","tag-edvaldo-arcanjo-de-souza","tag-homem-que-estava-desaparecido-e-encontrado-morto-em-santana-do-paraiso","tag-morte-do-godelo","tag-santana-do-paraiso"],"_links":{"self":[{"href":"https:\/\/aconteceunovale.com.br\/portal\/index.php?rest_route=\/wp\/v2\/posts\/34716","targetHints":{"allow":["GET"]}}],"collection":[{"href":"https:\/\/aconteceunovale.com.br\/portal\/index.php?rest_route=\/wp\/v2\/posts"}],"about":[{"href":"https:\/\/aconteceunovale.com.br\/portal\/index.php?rest_route=\/wp\/v2\/types\/post"}],"author":[{"embeddable":true,"href":"https:\/\/aconteceunovale.com.br\/portal\/index.php?rest_route=\/wp\/v2\/users\/1"}],"replies":[{"embeddable":true,"href":"https:\/\/aconteceunovale.com.br\/portal\/index.php?rest_route=%2Fwp%2Fv2%2Fcomments&post=34716"}],"version-history":[{"count":0,"href":"https:\/\/aconteceunovale.com.br\/portal\/index.php?rest_route=\/wp\/v2\/posts\/34716\/revisions"}],"wp:featuredmedia":[{"embeddable":true,"href":"https:\/\/aconteceunovale.com.br\/portal\/index.php?rest_route=\/wp\/v2\/media\/34718"}],"wp:attachment":[{"href":"https:\/\/aconteceunovale.com.br\/portal\/index.php?rest_route=%2Fwp%2Fv2%2Fmedia&parent=34716"}],"wp:term":[{"taxonomy":"category","embeddable":true,"href":"https:\/\/aconteceunovale.com.br\/portal\/index.php?rest_route=%2Fwp%2Fv2%2Fcategories&post=34716"},{"taxonomy":"post_tag","embeddable":true,"href":"https:\/\/aconteceunovale.com.br\/portal\/index.php?rest_route=%2Fwp%2Fv2%2Ftags&post=34716"}],"curies":[{"name":"wp","href":"https:\/\/api.w.org\/{rel}","templated":true}]}}