{"id":34713,"date":"2014-07-13T17:01:23","date_gmt":"2014-07-13T20:01:23","guid":{"rendered":"http:\/\/aconteceunovale.com.br\/portal\/?p=34713"},"modified":"2014-07-13T17:01:23","modified_gmt":"2014-07-13T20:01:23","slug":"homem-e-morto-a-tiros-na-porta-de-igreja-em-coronel-fabriciano","status":"publish","type":"post","link":"https:\/\/aconteceunovale.com.br\/portal\/?p=34713","title":{"rendered":"Homem \u00e9 morto a tiros na porta de igreja em Coronel Fabriciano"},"content":{"rendered":"<p>Um homem de 26 anos, identificado como Josu\u00e9 Ant\u00f4nio Rodrigues, foi morto a tiros por volta das 10 horas da manh\u00e3, deste domingo, 13 de julho, na rua Jos\u00e9 Correia, no bairro Pedra Linda, em Coronel Fabriciano. Segundo a Pol\u00edcia Militar este \u00e9 o terceiro homic\u00eddio registrado na cidade durante o fim de semana.<\/p>\n<p>A pol\u00edcia informou que recebeu den\u00fancias an\u00f4nimas de que havia um homem morto em frente a duas igrejas do bairro. Ao chegar no local, a PM conversou com algumas testemunhas e as primeiras informa\u00e7\u00f5es s\u00e3o de que a v\u00edtima teria sido morta devido ao tr\u00e1fico de drogas.<\/p>\n<p>Ainda segundo os militares, quatro indiv\u00edduos passaram a p\u00e9 e atiraram contra a v\u00edtima e fugiram em dire\u00e7\u00e3o ao bairro Santa Cruz. A per\u00edcia esteve no local e constatou sete perfura\u00e7\u00f5es, na regi\u00e3o do t\u00f3rax, cabe\u00e7a e nuca.<\/p>\n<p>A pol\u00edcia informou ainda que a v\u00edtima teria cumprindo pena por roubo e tinha passagens por uso de drogas. At\u00e9 o momento ningu\u00e9m foi preso.<\/p>\n<p><img decoding=\"async\" src=\"http:\/\/aconteceunovale.com.br\/portal\/wp-content\/uploads\/2014\/07\/homicidio_3_fabri_13_7.jpg\" alt=\"\" \/><\/p>\n<p><strong><em>(Foto: Patr\u00edcia Belo \/ Informa\u00e7\u00f5es: Inter TV dos Vales)<\/em><\/strong><\/p>\n","protected":false},"excerpt":{"rendered":"<p>Um homem de 26 anos, identificado como Josu\u00e9 Ant\u00f4nio Rodrigues, foi morto a tiros por volta das 10 horas da manh\u00e3, deste domingo, 13 de julho, na rua Jos\u00e9 Correia, no bairro Pedra Linda, em Coronel Fabriciano. Segundo a Pol\u00edcia Militar este \u00e9 o terceiro homic\u00eddio registrado na cidade durante o fim de semana. A [&hellip;]<\/p>\n","protected":false},"author":1,"featured_media":34714,"comment_status":"open","ping_status":"closed","sticky":false,"template":"","format":"standard","meta":{"amp_status":"","footnotes":""},"categories":[121],"tags":[1524,11187,11186],"class_list":["post-34713","post","type-post","status-publish","format-standard","has-post-thumbnail","hentry","category-leste","tag-coronel-fabriciano","tag-homem-e-morto-a-tiros-na-porta-de-igreja-em-coronel-fabriciano","tag-josue-antonio-rodrigues"],"_links":{"self":[{"href":"https:\/\/aconteceunovale.com.br\/portal\/index.php?rest_route=\/wp\/v2\/posts\/34713","targetHints":{"allow":["GET"]}}],"collection":[{"href":"https:\/\/aconteceunovale.com.br\/portal\/index.php?rest_route=\/wp\/v2\/posts"}],"about":[{"href":"https:\/\/aconteceunovale.com.br\/portal\/index.php?rest_route=\/wp\/v2\/types\/post"}],"author":[{"embeddable":true,"href":"https:\/\/aconteceunovale.com.br\/portal\/index.php?rest_route=\/wp\/v2\/users\/1"}],"replies":[{"embeddable":true,"href":"https:\/\/aconteceunovale.com.br\/portal\/index.php?rest_route=%2Fwp%2Fv2%2Fcomments&post=34713"}],"version-history":[{"count":0,"href":"https:\/\/aconteceunovale.com.br\/portal\/index.php?rest_route=\/wp\/v2\/posts\/34713\/revisions"}],"wp:featuredmedia":[{"embeddable":true,"href":"https:\/\/aconteceunovale.com.br\/portal\/index.php?rest_route=\/wp\/v2\/media\/34714"}],"wp:attachment":[{"href":"https:\/\/aconteceunovale.com.br\/portal\/index.php?rest_route=%2Fwp%2Fv2%2Fmedia&parent=34713"}],"wp:term":[{"taxonomy":"category","embeddable":true,"href":"https:\/\/aconteceunovale.com.br\/portal\/index.php?rest_route=%2Fwp%2Fv2%2Fcategories&post=34713"},{"taxonomy":"post_tag","embeddable":true,"href":"https:\/\/aconteceunovale.com.br\/portal\/index.php?rest_route=%2Fwp%2Fv2%2Ftags&post=34713"}],"curies":[{"name":"wp","href":"https:\/\/api.w.org\/{rel}","templated":true}]}}