{"id":34688,"date":"2014-07-13T12:44:10","date_gmt":"2014-07-13T15:44:10","guid":{"rendered":"http:\/\/aconteceunovale.com.br\/portal\/?p=34688"},"modified":"2014-07-14T10:06:17","modified_gmt":"2014-07-14T13:06:17","slug":"capotamento-de-veiculo-deixa-uma-pessoa-morta-e-duas-feridas-entre-ladainha-e-pote","status":"publish","type":"post","link":"https:\/\/aconteceunovale.com.br\/portal\/?p=34688","title":{"rendered":"Capotamento de ve\u00edculo deixa uma pessoa morta e duas feridas entre Ladainha e Pot\u00e9"},"content":{"rendered":"<p>Uma pessoa morreu e duas ficaram feridas em um acidente ocorrido por volta das 4 horas e 30 minutos da madrugada deste domingo, 13 de julho, no quil\u00f4metro 17 da LMG-710, pr\u00f3ximo \u00e0 cidade de Ladainha, no Vale do Mucuri. <\/p>\n<p>De acordo com informa\u00e7\u00f5es da Pol\u00edcia Militar Rodovi\u00e1ria, o condutor relatou que teve sua vis\u00e3o ofuscada pelo farol alto de outro ve\u00edculo que transitava em sentido contr\u00e1rio. Ainda segundo a PM, o motorista perdeu o controle direcional do Corsa Wind, Placa DBK-0195, de S\u00e3o Bernardo do Campo\/SP, em uma curva, saiu da pista e capotou em uma ribanceira.<\/p>\n<p>Com o impacto do acidente, o adolescente Eduardo Pereira Rocha, de 16 anos, foi arremessado para fora do ve\u00edculo, n\u00e3o resistiu aos ferimentos e morreu no local. <\/p>\n<p>O motorista Ediney Pereira Rodrigues e o menor Bruno Vieira Rodrigues sofreram escoria\u00e7\u00f5es. Eles foram socorridos pelo Servi\u00e7o de Atendimento M\u00f3vel de Urg\u00eancia (SAMU) e encaminhados para atendimento m\u00e9dico na Unidade de Pronto Atendimento de Te\u00f3filo Otoni.<\/p>\n<p>A per\u00edcia t\u00e9cnica da Pol\u00edcia Civil foi acionada e ap\u00f3s os trabalhos de praxe, o corpo do adolescente foi recolhido e encaminhado para o Instituto M\u00e9dico Legal em Te\u00f3filo Otoni.<\/p>\n<p>Os policiais ainda encontraram no interior do ve\u00edculo, um revolver calibre 38 municiado com 3 cartuchos. A arma foi apreendida e encaminhada para a Delegacia de Pol\u00edcia. O ve\u00edculo foi rebocado e encaminhado para um p\u00e1tio credenciado.<\/p>\n<p><img decoding=\"async\" src=\"http:\/\/aconteceunovale.com.br\/portal\/wp-content\/uploads\/2014\/07\/acidente_entre_ladainha_pote.jpg\" alt=\"\" \/><em>(Foto: Fantoni Pesso \/ Reprodu\u00e7\u00e3o)<\/em><\/p>\n","protected":false},"excerpt":{"rendered":"<p>Uma pessoa morreu e duas ficaram feridas em um acidente ocorrido por volta das 4 horas e 30 minutos da madrugada deste domingo, 13 de julho, no quil\u00f4metro 17 da LMG-710, pr\u00f3ximo \u00e0 cidade de Ladainha, no Vale do Mucuri. De acordo com informa\u00e7\u00f5es da Pol\u00edcia Militar Rodovi\u00e1ria, o condutor relatou que teve sua vis\u00e3o [&hellip;]<\/p>\n","protected":false},"author":1,"featured_media":34689,"comment_status":"open","ping_status":"closed","sticky":false,"template":"","format":"standard","meta":{"amp_status":"","footnotes":""},"categories":[122],"tags":[11170,11295,11293,11168,1018,11169,11292,11294,11171,11296,11298,344,11297,3139],"class_list":["post-34688","post","type-post","status-publish","format-standard","has-post-thumbnail","hentry","category-mucuri","tag-acidente-entre-pote-e-ladainha","tag-acidente-proximo-a-ladainha","tag-bruno-vieira-rodrigues","tag-capotamento-de-veiculo-deixa-uma-pessoa-morta-e-duas-feridas-entre-ladainha-e-pote","tag-destaque","tag-edinei-pereira-rodrigues","tag-ediney-pereira-rodrigues","tag-eduardo-pereira-rocha","tag-fotos-do-acidente-entre-pote-e-ladainha","tag-fotos-do-acidente-proximo-a-ladainha","tag-informacoes-do-acidente-proximo-a-ladainha","tag-ladainha","tag-noticia-do-acidente-proximo-a-ladainha","tag-pote"],"_links":{"self":[{"href":"https:\/\/aconteceunovale.com.br\/portal\/index.php?rest_route=\/wp\/v2\/posts\/34688","targetHints":{"allow":["GET"]}}],"collection":[{"href":"https:\/\/aconteceunovale.com.br\/portal\/index.php?rest_route=\/wp\/v2\/posts"}],"about":[{"href":"https:\/\/aconteceunovale.com.br\/portal\/index.php?rest_route=\/wp\/v2\/types\/post"}],"author":[{"embeddable":true,"href":"https:\/\/aconteceunovale.com.br\/portal\/index.php?rest_route=\/wp\/v2\/users\/1"}],"replies":[{"embeddable":true,"href":"https:\/\/aconteceunovale.com.br\/portal\/index.php?rest_route=%2Fwp%2Fv2%2Fcomments&post=34688"}],"version-history":[{"count":0,"href":"https:\/\/aconteceunovale.com.br\/portal\/index.php?rest_route=\/wp\/v2\/posts\/34688\/revisions"}],"wp:featuredmedia":[{"embeddable":true,"href":"https:\/\/aconteceunovale.com.br\/portal\/index.php?rest_route=\/wp\/v2\/media\/34689"}],"wp:attachment":[{"href":"https:\/\/aconteceunovale.com.br\/portal\/index.php?rest_route=%2Fwp%2Fv2%2Fmedia&parent=34688"}],"wp:term":[{"taxonomy":"category","embeddable":true,"href":"https:\/\/aconteceunovale.com.br\/portal\/index.php?rest_route=%2Fwp%2Fv2%2Fcategories&post=34688"},{"taxonomy":"post_tag","embeddable":true,"href":"https:\/\/aconteceunovale.com.br\/portal\/index.php?rest_route=%2Fwp%2Fv2%2Ftags&post=34688"}],"curies":[{"name":"wp","href":"https:\/\/api.w.org\/{rel}","templated":true}]}}