{"id":34603,"date":"2014-07-11T17:54:11","date_gmt":"2014-07-11T20:54:11","guid":{"rendered":"http:\/\/aconteceunovale.com.br\/portal\/?p=34603"},"modified":"2014-07-11T17:54:11","modified_gmt":"2014-07-11T20:54:11","slug":"nivel-baixo-do-rio-doce-pode-provocar-racionamento-de-agua-em-governador-valadares","status":"publish","type":"post","link":"https:\/\/aconteceunovale.com.br\/portal\/?p=34603","title":{"rendered":"N\u00edvel baixo do Rio Doce pode provocar racionamento de \u00e1gua em Governador Valadares"},"content":{"rendered":"<p>O baixo n\u00edvel de \u00e1gua no rio Doce ascendeu o sinal de alerta para a possibilidade de desabastecimento em Governador Valadares, na regi\u00e3o Leste do Estado. A l\u00e2mina d\u2019\u00e1gua na medi\u00e7\u00e3o da r\u00e9gua do Servi\u00e7o Aut\u00f4nomo de \u00c1gua e Esgoto (SAAE) chegou, nesta sexta-feira (11), a 7 cent\u00edmetros quando o m\u00ednimo ideal seria a partir de 30 cent\u00edmetros. Se n\u00e3o chover em 30 dias, pode haver racionamento.<\/p>\n<p>M\u00e1quinas fazem o desassoreamento das \u00e1reas de capta\u00e7\u00e3o \u2013 na Esta\u00e7\u00e3o de Tratamento de Esgoto (ETE) Central a capta\u00e7\u00e3o estava em 1.2 mil litros por segundo, quando o ideal seriam 2 mil litros \u2013 e a autarquia faz contatos com a Usina Hidrel\u00e9trica de Baguari para monitorar a quantidade de \u00e1gua que o empreendimento pode soltar para assim, minimizar a situa\u00e7\u00e3o. Em agosto de 2013 o n\u00edvel na r\u00e9gua de medi\u00e7\u00e3o chegou a 11 cent\u00edmetros negativos e medidas semelhantes foram adotadas.<\/p>\n<p>A novidade este ano \u00e9 a constru\u00e7\u00e3o e amplia\u00e7\u00e3o de reservat\u00f3rios em pontos estrat\u00e9gicos  como o Penha e Alto Esplanada, demanda que acompanha o crescimento de Governador Valadares. Segundo o diretor do SAAE, Omir Quintino, as liga\u00e7\u00f5es (pontos\/endere\u00e7os) saltaram de 50 mil em 2009 para 90 mil em 2014. O consumo m\u00e9dio de cada um desses endere\u00e7os \u00e9 de 15 mil litros. S\u00e3o, ao todo, 130 mil fam\u00edlias recebendo \u00e1gua tratada nas torneiras. &#8220;O pior \u00e9 que n\u00e3o h\u00e1 previs\u00e3o de chuvas para os pr\u00f3ximos dias&#8221;, analisou Quintino.<\/p>\n<p>Desde ontem o SAAE est\u00e1 pedindo \u00e0 popula\u00e7\u00e3o que economize \u00e1gua e dando dicas como a de gastar menos tempo no banho, a n\u00e3o deixar o chuveiro aberto enquanto o corpo \u00e9 ensaboado; a  n\u00e3o deixar a torneira aberta durante a escova\u00e7\u00e3o dos dentes e pedindo que verifique v\u00e1lvulas de descargas e boias das caixas d\u2019\u00e1gua para evitar  transbordamentos. Pede ainda que os vazamentos, em especial nas vias p\u00fablicas, sejam comunicados com urg\u00eancia pelo 145.<\/p>\n<p><img decoding=\"async\" src=\"http:\/\/aconteceunovale.com.br\/portal\/wp-content\/uploads\/2014\/07\/rio_doce_baixo_gv.jpg\" alt=\"\" \/><\/p>\n<p><strong><em>(Foto: Leonardo Morais \/ Informa\u00e7\u00f5es: Hoje em Dia)<\/em><\/strong><\/p>\n","protected":false},"excerpt":{"rendered":"<p>O baixo n\u00edvel de \u00e1gua no rio Doce ascendeu o sinal de alerta para a possibilidade de desabastecimento em Governador Valadares, na regi\u00e3o Leste do Estado. A l\u00e2mina d\u2019\u00e1gua na medi\u00e7\u00e3o da r\u00e9gua do Servi\u00e7o Aut\u00f4nomo de \u00c1gua e Esgoto (SAAE) chegou, nesta sexta-feira (11), a 7 cent\u00edmetros quando o m\u00ednimo ideal seria a partir [&hellip;]<\/p>\n","protected":false},"author":1,"featured_media":34604,"comment_status":"open","ping_status":"closed","sticky":false,"template":"","format":"standard","meta":{"amp_status":"","footnotes":""},"categories":[121],"tags":[1018,247,11094,11093,11095],"class_list":["post-34603","post","type-post","status-publish","format-standard","has-post-thumbnail","hentry","category-leste","tag-destaque","tag-governador-valadares","tag-nivel-baixo-do-rio-doce","tag-nivel-baixo-do-rio-doce-pode-deixar-governador-valadares-sem-agua","tag-nivel-baixo-do-rio-doce-pode-provocar-racionamento-de-agua-em-governador-valadares"],"_links":{"self":[{"href":"https:\/\/aconteceunovale.com.br\/portal\/index.php?rest_route=\/wp\/v2\/posts\/34603","targetHints":{"allow":["GET"]}}],"collection":[{"href":"https:\/\/aconteceunovale.com.br\/portal\/index.php?rest_route=\/wp\/v2\/posts"}],"about":[{"href":"https:\/\/aconteceunovale.com.br\/portal\/index.php?rest_route=\/wp\/v2\/types\/post"}],"author":[{"embeddable":true,"href":"https:\/\/aconteceunovale.com.br\/portal\/index.php?rest_route=\/wp\/v2\/users\/1"}],"replies":[{"embeddable":true,"href":"https:\/\/aconteceunovale.com.br\/portal\/index.php?rest_route=%2Fwp%2Fv2%2Fcomments&post=34603"}],"version-history":[{"count":0,"href":"https:\/\/aconteceunovale.com.br\/portal\/index.php?rest_route=\/wp\/v2\/posts\/34603\/revisions"}],"wp:featuredmedia":[{"embeddable":true,"href":"https:\/\/aconteceunovale.com.br\/portal\/index.php?rest_route=\/wp\/v2\/media\/34604"}],"wp:attachment":[{"href":"https:\/\/aconteceunovale.com.br\/portal\/index.php?rest_route=%2Fwp%2Fv2%2Fmedia&parent=34603"}],"wp:term":[{"taxonomy":"category","embeddable":true,"href":"https:\/\/aconteceunovale.com.br\/portal\/index.php?rest_route=%2Fwp%2Fv2%2Fcategories&post=34603"},{"taxonomy":"post_tag","embeddable":true,"href":"https:\/\/aconteceunovale.com.br\/portal\/index.php?rest_route=%2Fwp%2Fv2%2Ftags&post=34603"}],"curies":[{"name":"wp","href":"https:\/\/api.w.org\/{rel}","templated":true}]}}