{"id":34468,"date":"2014-07-10T18:06:17","date_gmt":"2014-07-10T21:06:17","guid":{"rendered":"http:\/\/aconteceunovale.com.br\/portal\/?p=34468"},"modified":"2014-07-10T18:08:33","modified_gmt":"2014-07-10T21:08:33","slug":"veiculo-oficial-usado-em-saque-de-carga-na-br-381-nao-pertence-ao-governo-de-minas-diz-seds","status":"publish","type":"post","link":"https:\/\/aconteceunovale.com.br\/portal\/?p=34468","title":{"rendered":"Ve\u00edculo oficial usado em saque de carga na BR-381 n\u00e3o pertence ao Governo de Minas, diz Seds"},"content":{"rendered":"<p>A Subsecretaria de Atendimento \u00e0s Medidas Socioeducativas abriu uma investiga\u00e7\u00e3o para saber o motivo de um carro da Secretaria Municipal de Sa\u00fade do Munic\u00edpio de Capara\u00f3, na Regi\u00e3o da Zona da Mata, estar plotado com o nome da Suase. <a href=\"http:\/\/aconteceunovale.com.br\/portal\/?p=34440\" target=\"_blank\">O Fiat Uno foi flagrado por um internauta na BR-381, em Caet\u00e9, na Grande BH, enquanto um passageiro saqueava a carga de um caminh\u00e3o acidentado. O homem ainda n\u00e3o foi identificado e nem o motorista<\/a>. <\/p>\n<p>O acidente aconteceu nessa quarta-feira (10), na altura do km 438, e deixou a carga do ve\u00edculo espalhada na pista. O ve\u00edculo estava carregado com ra\u00e7\u00e3o enlatada para gatos e cachorros. O motorista do caminh\u00e3o n\u00e3o se feriu no acidente. Quando passava pelo congestionamento, um internauta flagrou o momento em que um passageiro do carro oficial desce e pega parte dos materiais espalhados na rodovia. <\/p>\n<p>O ve\u00edculo estava plotado com o nome da Suase, que pertence a Secretaria de Estado de Defesa Social (Seds). De acordo com a Seds, na verdade,  o carro \u00e9 da Secretaria Municipal de Sa\u00fade de Capara\u00f3, cidade da regi\u00e3o da Zona da Mata. Um procedimento de investiga\u00e7\u00e3o foi aberto para identificar os motivos do Uno estar plotado como se fosse da Subsecretaria de Atendimento \u00e0s Medidas Socioeducativas. <\/p>\n<p>A Prefeitura de Capara\u00f3, ainda n\u00e3o se pronunciou sobre o caso. O condutor do carro e o homem flagrado recolhendo a carga do caminh\u00e3o ainda n\u00e3o foram identificados. <\/p>\n<p><strong><em>Assista ao v\u00eddeo do momento do saque:<\/em><\/strong><\/p>\n<p><iframe loading=\"lazy\" width=\"640\" height=\"360\" src=\"\/\/www.youtube.com\/embed\/rKhF_mfuh_I\" frameborder=\"0\" allowfullscreen><\/iframe><\/p>\n<p><strong><em>(Fonte: Estado de Minas)<\/em><\/strong><\/p>\n","protected":false},"excerpt":{"rendered":"<p>A Subsecretaria de Atendimento \u00e0s Medidas Socioeducativas abriu uma investiga\u00e7\u00e3o para saber o motivo de um carro da Secretaria Municipal de Sa\u00fade do Munic\u00edpio de Capara\u00f3, na Regi\u00e3o da Zona da Mata, estar plotado com o nome da Suase. O Fiat Uno foi flagrado por um internauta na BR-381, em Caet\u00e9, na Grande BH, enquanto [&hellip;]<\/p>\n","protected":false},"author":1,"featured_media":34441,"comment_status":"open","ping_status":"closed","sticky":false,"template":"","format":"standard","meta":{"amp_status":"","footnotes":""},"categories":[123],"tags":[6970,11014,11013],"class_list":["post-34468","post","type-post","status-publish","format-standard","has-post-thumbnail","hentry","category-gerais","tag-caete","tag-caparao","tag-veiculo-oficial-usado-em-saque-de-carga-na-br-381-nao-pertence-ao-governo-de-minas"],"_links":{"self":[{"href":"https:\/\/aconteceunovale.com.br\/portal\/index.php?rest_route=\/wp\/v2\/posts\/34468","targetHints":{"allow":["GET"]}}],"collection":[{"href":"https:\/\/aconteceunovale.com.br\/portal\/index.php?rest_route=\/wp\/v2\/posts"}],"about":[{"href":"https:\/\/aconteceunovale.com.br\/portal\/index.php?rest_route=\/wp\/v2\/types\/post"}],"author":[{"embeddable":true,"href":"https:\/\/aconteceunovale.com.br\/portal\/index.php?rest_route=\/wp\/v2\/users\/1"}],"replies":[{"embeddable":true,"href":"https:\/\/aconteceunovale.com.br\/portal\/index.php?rest_route=%2Fwp%2Fv2%2Fcomments&post=34468"}],"version-history":[{"count":0,"href":"https:\/\/aconteceunovale.com.br\/portal\/index.php?rest_route=\/wp\/v2\/posts\/34468\/revisions"}],"wp:featuredmedia":[{"embeddable":true,"href":"https:\/\/aconteceunovale.com.br\/portal\/index.php?rest_route=\/wp\/v2\/media\/34441"}],"wp:attachment":[{"href":"https:\/\/aconteceunovale.com.br\/portal\/index.php?rest_route=%2Fwp%2Fv2%2Fmedia&parent=34468"}],"wp:term":[{"taxonomy":"category","embeddable":true,"href":"https:\/\/aconteceunovale.com.br\/portal\/index.php?rest_route=%2Fwp%2Fv2%2Fcategories&post=34468"},{"taxonomy":"post_tag","embeddable":true,"href":"https:\/\/aconteceunovale.com.br\/portal\/index.php?rest_route=%2Fwp%2Fv2%2Ftags&post=34468"}],"curies":[{"name":"wp","href":"https:\/\/api.w.org\/{rel}","templated":true}]}}