{"id":34417,"date":"2014-07-09T20:29:11","date_gmt":"2014-07-09T23:29:11","guid":{"rendered":"http:\/\/aconteceunovale.com.br\/portal\/?p=34417"},"modified":"2014-07-09T20:29:11","modified_gmt":"2014-07-09T23:29:11","slug":"familiares-e-amigos-pedem-punicao-para-policial-que-matou-estudante-em-coronel-fabriciano","status":"publish","type":"post","link":"https:\/\/aconteceunovale.com.br\/portal\/?p=34417","title":{"rendered":"Familiares e amigos pedem puni\u00e7\u00e3o para policial que matou estudante em Coronel Fabriciano"},"content":{"rendered":"<p>Faixas carregadas por parentes e amigos do estudante Frederico Alan de Souza Paiva, 26 anos, morto por um policial militar na \u00faltima sexta-feira (4), preencheram as ruas do Centro de Coronel Fabriciano nesta quarta (9). Os manifestantes ainda pediam o julgamento do soldado Deivid Marcelino dos Santos e criticaram a decis\u00e3o da Justi\u00e7a em conceder liberdade provis\u00f3ria ao militar.<\/p>\n<p>Frederico, que pilotava um moto, foi baleado no bairro Alipinho ap\u00f3s, supostamente furar uma blitz da PM. Ele morreu no local. Segundo o relat\u00f3rio da PM, Frederico jogou a moto em cima dos policiais. O motociclista tentou fugir e, na sequ\u00eancia, o soldado Deivid efetuou dois disparos de arma de fogo, para evitar que o condutor fugisse. Ele foi atingido nas costas.<\/p>\n<h4><strong>Manifestantes exigem justi\u00e7a<\/strong><\/h4>\n<p>Os manifestantes sa\u00edram por volta de 15h do local do ocorrido, na rua Jo\u00e3o Teixeira Benevides, no bairro Alipinho, onde cravaram uma cruz. De l\u00e1, seguiram caminhando silenciosamente pela avenida Magalh\u00e3es Pinto, com um carro de som \u00e0 frente do grupo. O protesto pac\u00edfico foi encerrado em frente ao F\u00f3rum de Coronel Fabriciano.<\/p>\n<p>A m\u00e3e do jovem morto, a vereadora Carmem do Sinttrocell (PCdoB), mais uma vez se mostrou indignada com a pol\u00edcia. \u201cHoje eu entendo as m\u00e3es que um dia passaram pelo que passei e n\u00e3o tinha como e nem onde pedir justi\u00e7a\u201d, disse. A vereadora ainda criticou a decis\u00e3o da justi\u00e7a em conceder a soltura ao policial. \u201cPor um lado, foi bom ele responder na Justi\u00e7a Comum porque ele n\u00e3o ter\u00e1 regalias por ser um PM, mas, eu queria que ele estivesse na condi\u00e7\u00e3o de preso\u201d, desabafou. <\/p>\n<p>Neste s\u00e1bado (12) est\u00e1 prevista outra manifesta\u00e7\u00e3o pelo Centro da cidade, a partir de 9h. No domingo ser\u00e1 realizada a missa de 7\u00b0 dia na Comunidade S\u00e3o Jo\u00e3o Batista Manoel Maia, onde Frederico participava.<\/p>\n<p><img decoding=\"async\" src=\"http:\/\/aconteceunovale.com.br\/portal\/wp-content\/uploads\/2014\/07\/protesto_morte_frederico_fabri.jpg\" alt=\"\" \/><em>Manifestantes pediram julgamento e a desmilitariza\u00e7\u00e3o do policial &#8211; Foto: Lairto Martins<\/em><br \/>\n<\/br><\/p>\n<p><em><strong>(Fonte: Jornal Vale do A\u00e7o)<\/strong><\/em><\/p>\n","protected":false},"excerpt":{"rendered":"<p>Faixas carregadas por parentes e amigos do estudante Frederico Alan de Souza Paiva, 26 anos, morto por um policial militar na \u00faltima sexta-feira (4), preencheram as ruas do Centro de Coronel Fabriciano nesta quarta (9). Os manifestantes ainda pediam o julgamento do soldado Deivid Marcelino dos Santos e criticaram a decis\u00e3o da Justi\u00e7a em conceder [&hellip;]<\/p>\n","protected":false},"author":1,"featured_media":34418,"comment_status":"open","ping_status":"closed","sticky":false,"template":"","format":"standard","meta":{"amp_status":"","footnotes":""},"categories":[121],"tags":[1524,1018,10955,10394,10954],"class_list":["post-34417","post","type-post","status-publish","format-standard","has-post-thumbnail","hentry","category-leste","tag-coronel-fabriciano","tag-destaque","tag-familiares-e-amigos-pedem-punicao-para-policial-que-matou-estudante-em-coronel-fabriciano","tag-frederico-alan-de-souza-paiva","tag-morto-por-um-policial-militar-na-ultima-sexta-feira-4-em-coronel-fabriciano"],"_links":{"self":[{"href":"https:\/\/aconteceunovale.com.br\/portal\/index.php?rest_route=\/wp\/v2\/posts\/34417","targetHints":{"allow":["GET"]}}],"collection":[{"href":"https:\/\/aconteceunovale.com.br\/portal\/index.php?rest_route=\/wp\/v2\/posts"}],"about":[{"href":"https:\/\/aconteceunovale.com.br\/portal\/index.php?rest_route=\/wp\/v2\/types\/post"}],"author":[{"embeddable":true,"href":"https:\/\/aconteceunovale.com.br\/portal\/index.php?rest_route=\/wp\/v2\/users\/1"}],"replies":[{"embeddable":true,"href":"https:\/\/aconteceunovale.com.br\/portal\/index.php?rest_route=%2Fwp%2Fv2%2Fcomments&post=34417"}],"version-history":[{"count":0,"href":"https:\/\/aconteceunovale.com.br\/portal\/index.php?rest_route=\/wp\/v2\/posts\/34417\/revisions"}],"wp:featuredmedia":[{"embeddable":true,"href":"https:\/\/aconteceunovale.com.br\/portal\/index.php?rest_route=\/wp\/v2\/media\/34418"}],"wp:attachment":[{"href":"https:\/\/aconteceunovale.com.br\/portal\/index.php?rest_route=%2Fwp%2Fv2%2Fmedia&parent=34417"}],"wp:term":[{"taxonomy":"category","embeddable":true,"href":"https:\/\/aconteceunovale.com.br\/portal\/index.php?rest_route=%2Fwp%2Fv2%2Fcategories&post=34417"},{"taxonomy":"post_tag","embeddable":true,"href":"https:\/\/aconteceunovale.com.br\/portal\/index.php?rest_route=%2Fwp%2Fv2%2Ftags&post=34417"}],"curies":[{"name":"wp","href":"https:\/\/api.w.org\/{rel}","templated":true}]}}