{"id":34413,"date":"2014-07-09T20:17:27","date_gmt":"2014-07-09T23:17:27","guid":{"rendered":"http:\/\/aconteceunovale.com.br\/portal\/?p=34413"},"modified":"2014-07-09T20:24:07","modified_gmt":"2014-07-09T23:24:07","slug":"suspeitos-de-colocarem-fogo-em-onibus-sao-presos-em-timoteo","status":"publish","type":"post","link":"https:\/\/aconteceunovale.com.br\/portal\/?p=34413","title":{"rendered":"Suspeitos de colocarem fogo em \u00f4nibus s\u00e3o presos em Tim\u00f3teo"},"content":{"rendered":"<p>Tr\u00eas dos seis suspeitos de colocaram fogo em um \u00f4nibus coletivo no bairro Alegre em Tim\u00f3teo na noite de ontem, foram presos na manh\u00e3 desta quarta-feira (09). Segundo a Pol\u00edcia Militar, uma den\u00fancia an\u00f4nima informou quem eram os envolvidos no inc\u00eandio criminoso.<\/p>\n<p>Ainda segundo informa\u00e7\u00f5es da pol\u00edcia, o primeiro suspeito foi encontrado no bairro Alegre, ele tentou fugir, mas foi capturado. Em sequ\u00eancia em buscas pelo bairro, outros dois envolvidos foram encontrados. Um  menor respons\u00e1vel por jogar a gasolina e atear fogo no \u00f4nibus foi v\u00edtima da pr\u00f3pria a\u00e7\u00e3o e teve queimaduras nas coxas e pernas.<\/p>\n<p>O primeiro suspeito detido foi ouvido e liberado por n\u00e3o aparecer nas imagens do circuito interno do \u00f4nibus.  Os demais suspeitos foram entregues a Pol\u00edcia Civil. A pol\u00edcia identificou os outros envolvidos e a justi\u00e7a poder\u00e1 solicitar a pris\u00e3o dos mesmos. Al\u00e9m de responderem criminalmente, eles poder\u00e3o ser acionados civilmente para reparar os danos causados no \u00f4nibus.<\/p>\n<p><img decoding=\"async\" src=\"http:\/\/aconteceunovale.com.br\/portal\/wp-content\/uploads\/2014\/07\/presos_queimadores_de_bus_timoteo.jpg\" alt=\"\" \/><\/p>\n<p><strong><em>(Foto: Pol\u00edcia Militar \/ Informa\u00e7\u00f5es: G1)<\/em><\/strong><\/p>\n","protected":false},"excerpt":{"rendered":"<p>Tr\u00eas dos seis suspeitos de colocaram fogo em um \u00f4nibus coletivo no bairro Alegre em Tim\u00f3teo na noite de ontem, foram presos na manh\u00e3 desta quarta-feira (09). Segundo a Pol\u00edcia Militar, uma den\u00fancia an\u00f4nima informou quem eram os envolvidos no inc\u00eandio criminoso. Ainda segundo informa\u00e7\u00f5es da pol\u00edcia, o primeiro suspeito foi encontrado no bairro Alegre, [&hellip;]<\/p>\n","protected":false},"author":1,"featured_media":34414,"comment_status":"open","ping_status":"closed","sticky":false,"template":"","format":"standard","meta":{"amp_status":"","footnotes":""},"categories":[121],"tags":[10953,1105],"class_list":["post-34413","post","type-post","status-publish","format-standard","has-post-thumbnail","hentry","category-leste","tag-suspeitos-de-colocarem-fogo-em-onibus-sao-presos-em-timoteo","tag-timoteo"],"_links":{"self":[{"href":"https:\/\/aconteceunovale.com.br\/portal\/index.php?rest_route=\/wp\/v2\/posts\/34413","targetHints":{"allow":["GET"]}}],"collection":[{"href":"https:\/\/aconteceunovale.com.br\/portal\/index.php?rest_route=\/wp\/v2\/posts"}],"about":[{"href":"https:\/\/aconteceunovale.com.br\/portal\/index.php?rest_route=\/wp\/v2\/types\/post"}],"author":[{"embeddable":true,"href":"https:\/\/aconteceunovale.com.br\/portal\/index.php?rest_route=\/wp\/v2\/users\/1"}],"replies":[{"embeddable":true,"href":"https:\/\/aconteceunovale.com.br\/portal\/index.php?rest_route=%2Fwp%2Fv2%2Fcomments&post=34413"}],"version-history":[{"count":0,"href":"https:\/\/aconteceunovale.com.br\/portal\/index.php?rest_route=\/wp\/v2\/posts\/34413\/revisions"}],"wp:featuredmedia":[{"embeddable":true,"href":"https:\/\/aconteceunovale.com.br\/portal\/index.php?rest_route=\/wp\/v2\/media\/34414"}],"wp:attachment":[{"href":"https:\/\/aconteceunovale.com.br\/portal\/index.php?rest_route=%2Fwp%2Fv2%2Fmedia&parent=34413"}],"wp:term":[{"taxonomy":"category","embeddable":true,"href":"https:\/\/aconteceunovale.com.br\/portal\/index.php?rest_route=%2Fwp%2Fv2%2Fcategories&post=34413"},{"taxonomy":"post_tag","embeddable":true,"href":"https:\/\/aconteceunovale.com.br\/portal\/index.php?rest_route=%2Fwp%2Fv2%2Ftags&post=34413"}],"curies":[{"name":"wp","href":"https:\/\/api.w.org\/{rel}","templated":true}]}}