{"id":34404,"date":"2014-07-09T19:31:46","date_gmt":"2014-07-09T22:31:46","guid":{"rendered":"http:\/\/aconteceunovale.com.br\/portal\/?p=34404"},"modified":"2014-07-09T19:31:46","modified_gmt":"2014-07-09T22:31:46","slug":"prefeitura-de-jequitinhonha-lanca-edital-para-o-programa-conexao-cultura-nesta-quinta-feira","status":"publish","type":"post","link":"https:\/\/aconteceunovale.com.br\/portal\/?p=34404","title":{"rendered":"Prefeitura de Jequitinhonha lan\u00e7a edital para o Programa Conex\u00e3o Cultura nesta quinta-feira"},"content":{"rendered":"<p>A Prefeitura Municipal de Jequitinhonha, por meio da secretaria de Cultura lan\u00e7a, nesta quinta-feira, 10 de julho, o Programa Conex\u00e3o Cultura. O objetivo \u00e9 viabilizar a execu\u00e7\u00e3o de projetos pelo munic\u00edpio, promover a produ\u00e7\u00e3o e difus\u00e3o da cultura, al\u00e9m de possibilitar o acesso aos direitos culturais dos diferentes n\u00facleos comunit\u00e1rios.<\/p>\n<p>&#8220;Trata-se de um instrumento de fomento e que possibilitar\u00e1 o desenvolvimento cultural do munic\u00edpio, por atingir diferentes campos do setor cultural e da economia criativa. Jequitinhonha \u00e9 uma cidade pioneira e dentro do Baixo Vale \u00e9 a que est\u00e1 mais avan\u00e7ada em termos de pol\u00edticas culturais&#8221;, afirma o atual secret\u00e1rio de Cultura de Jequitinhonha, Breno Antunes.<\/p>\n<p>A previs\u00e3o \u00e9 de que, at\u00e9 o final do primeiro semestre de 2015, cerca de 15 projetos sejam executados, distribu\u00eddos em nove \u00e1reas da chamada ind\u00fastria criativa. S\u00e3o elas: Patrim\u00f4nio Cultural; Conhecimento Tradicional; Artes Visuais; Artes C\u00eanicas; Design; Servi\u00e7os Criativos; Publica\u00e7\u00f5es e Imprensa; Audiovisuais e Novas M\u00eddias.<\/p>\n<p>A sociedade civil ser\u00e1 a grande protagonista do Programa Conex\u00e3o Cultura, que permitir\u00e1 que pessoas f\u00edsicas e pessoas jur\u00eddicas sem fins lucrativos apresentem projetos ao Munic\u00edpio. A iniciativa j\u00e1 nasce exitosa, por ser um mecanismo adequado para atender as reais necessidades dos diversos atores e n\u00facleos comunit\u00e1rios envolvidos com a cultura local.<\/p>\n<p>Edital completo e maiores informa\u00e7\u00f5es no site: <a href=\"http:\/\/www.conexaocultura.org\" target=\"_blank\">www.conexaocultura.org<\/a>.<\/p>\n<p><img decoding=\"async\" src=\"http:\/\/aconteceunovale.com.br\/portal\/wp-content\/uploads\/2014\/07\/conexao_cultura_jequitinhonha.jpg\" alt=\"\" \/><\/p>\n","protected":false},"excerpt":{"rendered":"<p>A Prefeitura Municipal de Jequitinhonha, por meio da secretaria de Cultura lan\u00e7a, nesta quinta-feira, 10 de julho, o Programa Conex\u00e3o Cultura. O objetivo \u00e9 viabilizar a execu\u00e7\u00e3o de projetos pelo munic\u00edpio, promover a produ\u00e7\u00e3o e difus\u00e3o da cultura, al\u00e9m de possibilitar o acesso aos direitos culturais dos diferentes n\u00facleos comunit\u00e1rios. &#8220;Trata-se de um instrumento de [&hellip;]<\/p>\n","protected":false},"author":1,"featured_media":34405,"comment_status":"open","ping_status":"closed","sticky":false,"template":"","format":"standard","meta":{"amp_status":"","footnotes":""},"categories":[125],"tags":[10945,10943,10944,206030],"class_list":["post-34404","post","type-post","status-publish","format-standard","has-post-thumbnail","hentry","category-noticias","tag-lancamento-do-programa-conexao-cultura-pela-prefeitura-de-jequitinhonha","tag-prefeitura-de-jequitinhonha-lanca-edital-para-o-programa-conexao-cultura-nesta-quinta-feira","tag-programa-conexao-cultura","tag-jequi"],"_links":{"self":[{"href":"https:\/\/aconteceunovale.com.br\/portal\/index.php?rest_route=\/wp\/v2\/posts\/34404","targetHints":{"allow":["GET"]}}],"collection":[{"href":"https:\/\/aconteceunovale.com.br\/portal\/index.php?rest_route=\/wp\/v2\/posts"}],"about":[{"href":"https:\/\/aconteceunovale.com.br\/portal\/index.php?rest_route=\/wp\/v2\/types\/post"}],"author":[{"embeddable":true,"href":"https:\/\/aconteceunovale.com.br\/portal\/index.php?rest_route=\/wp\/v2\/users\/1"}],"replies":[{"embeddable":true,"href":"https:\/\/aconteceunovale.com.br\/portal\/index.php?rest_route=%2Fwp%2Fv2%2Fcomments&post=34404"}],"version-history":[{"count":0,"href":"https:\/\/aconteceunovale.com.br\/portal\/index.php?rest_route=\/wp\/v2\/posts\/34404\/revisions"}],"wp:featuredmedia":[{"embeddable":true,"href":"https:\/\/aconteceunovale.com.br\/portal\/index.php?rest_route=\/wp\/v2\/media\/34405"}],"wp:attachment":[{"href":"https:\/\/aconteceunovale.com.br\/portal\/index.php?rest_route=%2Fwp%2Fv2%2Fmedia&parent=34404"}],"wp:term":[{"taxonomy":"category","embeddable":true,"href":"https:\/\/aconteceunovale.com.br\/portal\/index.php?rest_route=%2Fwp%2Fv2%2Fcategories&post=34404"},{"taxonomy":"post_tag","embeddable":true,"href":"https:\/\/aconteceunovale.com.br\/portal\/index.php?rest_route=%2Fwp%2Fv2%2Ftags&post=34404"}],"curies":[{"name":"wp","href":"https:\/\/api.w.org\/{rel}","templated":true}]}}