{"id":34401,"date":"2014-07-09T19:19:09","date_gmt":"2014-07-09T22:19:09","guid":{"rendered":"http:\/\/aconteceunovale.com.br\/portal\/?p=34401"},"modified":"2014-07-09T19:19:09","modified_gmt":"2014-07-09T22:19:09","slug":"audiencia-publica-discutira-atos-de-violencia-contra-ambientalistas-em-milho-verde","status":"publish","type":"post","link":"https:\/\/aconteceunovale.com.br\/portal\/?p=34401","title":{"rendered":"Audi\u00eancia p\u00fablica discutir\u00e1 atos de viol\u00eancia contra ambientalistas em Milho Verde"},"content":{"rendered":"<p>Acontece nesta quinta-feira (10) uma audi\u00eancia p\u00fablica para debater os dois atentados sofridos pelo ambientalista Luiz Fernando Ferreira Leite, fundador e presidente do Instituto Milho Verde, no distrito de mesmo nome, que pertence \u00e0 cidade do Serro, na regi\u00e3o Central do Estado. <\/p>\n<p><img decoding=\"async\" src=\"http:\/\/aconteceunovale.com.br\/portal\/wp-content\/uploads\/2014\/07\/atentados_milho_verde_nando.jpg\" alt=\"\" \/><em>(Lu\u00eds Fernando, presidente do Instituto Milho Verde, sofreu atentado no \u00faltimo dia 2 de julho)<\/em><br \/>\n<\/br><\/p>\n<p>Uma bomba explodiu na porta da casa do ambientalista no \u00faltimo dia 2 de julho. No momento do atentado, \u00e0s 2h, n\u00e3o havia pessoas no local e ningu\u00e9m ficou ferido. A casa est\u00e1 abandonada desde o dia 27 de mar\u00e7o, quando o ambientalista sobreviveu a um atentado em que foi baleado, na porta da sua resid\u00eancia, que tamb\u00e9m abrigava o instituto. <\/p>\n<p>A audi\u00eancia da Comiss\u00e3o de Direitos Humanos est\u00e1 marcada para acontecer \u00e0s 12h e ser\u00e1 na sede da Associa\u00e7\u00e3o Cultural e Comunit\u00e1ria de Milho Verde. O Instituto Milho Verde \u00e9 uma organiza\u00e7\u00e3o n\u00e3o governamental que atua nas \u00e1reas de cultura, meio ambiente e desenvolvimento social h\u00e1 15 anos na regi\u00e3o.<\/p>\n<p>Segundo release divulgado pela Associa\u00e7\u00e3o Mineira de Defesa do Ambiente (Amda), os problemas come\u00e7aram depois que o instituto conseguiu com que o Monumento Natural da V\u00e1rzea do Lajeado e Serra do Raio fosse decretada Unidade de Conserva\u00e7\u00e3o de prote\u00e7\u00e3o integral, em 2011. A partir de ent\u00e3o surgiram diversos conflitos, uma vez que a \u00e1rea protegida cont\u00e9m diversos posseiros e ocupantes irregulares, conforme explica o ambientalista Luiz Fernando.<\/p>\n<p>\u201cMesmo depois de a unidade ser tombada ainda n\u00e3o houve regulariza\u00e7\u00e3o efetiva e as ocupa\u00e7\u00f5es irregulares continuam. O Minist\u00e9rio P\u00fabico  j\u00e1 realizou diversas reuni\u00f5es para discutir o assunto, mas os processos est\u00e3o muito demorados pelo tema ser complicado devido ao coronelismo da regi\u00e3o\u201d, explica a v\u00edtima dos atentados.<\/p>\n<p>Outro conflito recorrente na regi\u00e3o ocorre na \u00c1rea de Prote\u00e7\u00e3o Ambiental (APA) Estadual das \u00c1guas Vertentes, que \u00e9 uma unidade de conserva\u00e7\u00e3o em que o Instituto Milho Verde tamb\u00e9m atua. Fernando relata que na APA o problema \u00e9 com desmatamento irregular. \u201cAp\u00f3s o primeiro atentado que eu sofri o gerente da APA pediu demiss\u00e3o, pois ficou com medo de tamb\u00e9m se tornar v\u00edtima de ataques\u201d, lembrou Luiz.<\/p>\n<p>O secret\u00e1rio de meio ambiente do Serro tamb\u00e9m teve sua casa incendiada no m\u00eas de junho. Bruno Emiliano, outro ambientalista que atuava junto com Fernando no Instituto Milho Verde, tamb\u00e9m teve que deixar cidade. <\/p>\n<p>\u201cOutros funcion\u00e1rios do IEF sofrem amea\u00e7as constantes por parte dos ocupantes irregulares das Unidades. Muita gente ligada ao instituto est\u00e1 com medo, pensando em qual ser\u00e1 o pr\u00f3ximo atentado e quem ser\u00e1 a pr\u00f3xima v\u00edtima. Hoje n\u00e3o tenho expectativas de voltar a viver em Milho Verde. A apura\u00e7\u00e3o dos atentados \u00e9 muito lenta, e mesmo que eles encontrem o executor do crime, \u00e9 mais complicado chegar at\u00e9 o mandante&#8221;, desabafa o ambientalista.<\/p>\n<h4><strong>Brasil foi palco de mais de 50% das mortes de ambientalistas do mundo<\/strong><\/h4>\n<p>Um outro ponto levantado pela Amda \u00e9 sobre o elevado n\u00famero de mortes de ambientalistas no Brasil. Segundo o \u00faltimo relat\u00f3rio da ONG Global Witness, entre 2002 e 2013,   908 ambientalistas foram assassinados em todo mundo.  Deste n\u00famero, mais da metade ocorreu no Brasil, com 448 mortes.<\/p>\n<p>Estes casos se multiplicam, assegura o relat\u00f3rio, \u00e0 medida que aumenta a concorr\u00eancia pelos recursos naturais. O desmatamento da Amaz\u00f4nia \u00e9 um bom exemplo disso. Ap\u00f3s quatro anos seguidos de queda na superf\u00edcie de mata perdida, em 2013 o desflorestamento voltou a aumentar 28%.  De acordo com o documento, as regi\u00f5es mais afetadas s\u00e3o tamb\u00e9m as que mais registraram viol\u00eancia contra os ativistas que tentam impedir a destrui\u00e7\u00e3o da mata.<\/p>\n<h4><strong>Entrevista com Lu\u00eds Fernando (Nando)<\/strong><\/h4>\n<p><iframe loading=\"lazy\" width=\"640\" height=\"360\" src=\"\/\/www.youtube.com\/embed\/AQA4jQJwHAY\" frameborder=\"0\" allowfullscreen><\/iframe><\/p>\n<p><strong><em>(Associa\u00e7\u00e3o Mineira de Defesa do Ambiente \/ O Tempo)<\/em><\/strong><\/p>\n","protected":false},"excerpt":{"rendered":"<p>Acontece nesta quinta-feira (10) uma audi\u00eancia p\u00fablica para debater os dois atentados sofridos pelo ambientalista Luiz Fernando Ferreira Leite, fundador e presidente do Instituto Milho Verde, no distrito de mesmo nome, que pertence \u00e0 cidade do Serro, na regi\u00e3o Central do Estado. (Lu\u00eds Fernando, presidente do Instituto Milho Verde, sofreu atentado no \u00faltimo dia 2 [&hellip;]<\/p>\n","protected":false},"author":1,"featured_media":34402,"comment_status":"open","ping_status":"closed","sticky":false,"template":"","format":"standard","meta":{"amp_status":"","footnotes":""},"categories":[123],"tags":[10146,10941,1018,242,10942],"class_list":["post-34401","post","type-post","status-publish","format-standard","has-post-thumbnail","hentry","category-gerais","tag-atentados-contra-ambientalistas-em-milho-verde","tag-audiencia-publica-discutira-atos-de-violencia-contra-ambientalistas-em-milho-verde","tag-destaque","tag-milho-verde","tag-violencia-contra-ambientalistas-em-milho-verde"],"_links":{"self":[{"href":"https:\/\/aconteceunovale.com.br\/portal\/index.php?rest_route=\/wp\/v2\/posts\/34401","targetHints":{"allow":["GET"]}}],"collection":[{"href":"https:\/\/aconteceunovale.com.br\/portal\/index.php?rest_route=\/wp\/v2\/posts"}],"about":[{"href":"https:\/\/aconteceunovale.com.br\/portal\/index.php?rest_route=\/wp\/v2\/types\/post"}],"author":[{"embeddable":true,"href":"https:\/\/aconteceunovale.com.br\/portal\/index.php?rest_route=\/wp\/v2\/users\/1"}],"replies":[{"embeddable":true,"href":"https:\/\/aconteceunovale.com.br\/portal\/index.php?rest_route=%2Fwp%2Fv2%2Fcomments&post=34401"}],"version-history":[{"count":0,"href":"https:\/\/aconteceunovale.com.br\/portal\/index.php?rest_route=\/wp\/v2\/posts\/34401\/revisions"}],"wp:featuredmedia":[{"embeddable":true,"href":"https:\/\/aconteceunovale.com.br\/portal\/index.php?rest_route=\/wp\/v2\/media\/34402"}],"wp:attachment":[{"href":"https:\/\/aconteceunovale.com.br\/portal\/index.php?rest_route=%2Fwp%2Fv2%2Fmedia&parent=34401"}],"wp:term":[{"taxonomy":"category","embeddable":true,"href":"https:\/\/aconteceunovale.com.br\/portal\/index.php?rest_route=%2Fwp%2Fv2%2Fcategories&post=34401"},{"taxonomy":"post_tag","embeddable":true,"href":"https:\/\/aconteceunovale.com.br\/portal\/index.php?rest_route=%2Fwp%2Fv2%2Ftags&post=34401"}],"curies":[{"name":"wp","href":"https:\/\/api.w.org\/{rel}","templated":true}]}}