{"id":34370,"date":"2014-07-09T13:07:35","date_gmt":"2014-07-09T16:07:35","guid":{"rendered":"http:\/\/aconteceunovale.com.br\/portal\/?p=34370"},"modified":"2014-07-09T13:07:35","modified_gmt":"2014-07-09T16:07:35","slug":"dentista-e-preso-transportando-droga-de-almenara-para-bandeira","status":"publish","type":"post","link":"https:\/\/aconteceunovale.com.br\/portal\/?p=34370","title":{"rendered":"Dentista \u00e9 preso transportando droga de Almenara para Bandeira"},"content":{"rendered":"<p>Um dentista de Bandeira, no Vale do Jequitinhonha, foi preso na noite do dia 7 de julho, suspeito de tr\u00e1fico de entorpecentes. A Pol\u00edcia Militar chegou at\u00e9 o autor ap\u00f3s uma den\u00fancia an\u00f4nima informando que ele estaria transportando uma certa quantidade de drogas que seria distribu\u00edda em Bandeira.<\/p>\n<p>Diante a denuncia foi feito um bloqueio LMG-630, rodovia que liga Almenara e Bandeira, onde os militares lograram \u00eaxito em abordar o veiculo Ford Fiesta sedan, cor preto, que estava sendo conduzido pelo dentista M.C.M., que estava acompanhado da testemunha A.F.R. <\/p>\n<p>Ao realizar uma busca pessoal nos dois integrantes do veiculo foi encontrado dentro da cueca de M.C.M. um tablete de uma substancia semelhante a maconha, pesando aproximadamente 30 gramas. O autor relatou aos policiais que teria comprado a droga de um homem loiro, no bairro Tola, em Almenara\/MG. Ainda segundo a PM, M.C.M. disse que iria fumar parte da maconha e distribuir o resto para alguns amigos. <\/p>\n<p>O outro indiv\u00edduo A.F.R informou que apenas pegou carona com o autor e nada sabia da droga. Ele presenciou a abordagem e visualizou o momento em que foi localizado o entorpecente dentro da cueca de M.C.M. e tamb\u00e9m testemunhou as declara\u00e7\u00f5es do autor sobre origem e destino da droga. <\/p>\n<p>Diante o exposto M.C.M. foi preso e encaminhado para a delegacia de Policia Civil em Almenara. O veiculo n\u00e3o foi apreendido por falta de meios e ficou na responsabilidade de um cunhado do autor.<\/p>\n","protected":false},"excerpt":{"rendered":"<p>Um dentista de Bandeira, no Vale do Jequitinhonha, foi preso na noite do dia 7 de julho, suspeito de tr\u00e1fico de entorpecentes. A Pol\u00edcia Militar chegou at\u00e9 o autor ap\u00f3s uma den\u00fancia an\u00f4nima informando que ele estaria transportando uma certa quantidade de drogas que seria distribu\u00edda em Bandeira. Diante a denuncia foi feito um bloqueio [&hellip;]<\/p>\n","protected":false},"author":1,"featured_media":25373,"comment_status":"open","ping_status":"closed","sticky":false,"template":"","format":"standard","meta":{"amp_status":"","footnotes":""},"categories":[120],"tags":[142,353,10917],"class_list":["post-34370","post","type-post","status-publish","format-standard","has-post-thumbnail","hentry","category-jequi","tag-almenara","tag-bandeira","tag-dentista-e-preso-transportando-droga-de-almenara-para-bandeira"],"_links":{"self":[{"href":"https:\/\/aconteceunovale.com.br\/portal\/index.php?rest_route=\/wp\/v2\/posts\/34370","targetHints":{"allow":["GET"]}}],"collection":[{"href":"https:\/\/aconteceunovale.com.br\/portal\/index.php?rest_route=\/wp\/v2\/posts"}],"about":[{"href":"https:\/\/aconteceunovale.com.br\/portal\/index.php?rest_route=\/wp\/v2\/types\/post"}],"author":[{"embeddable":true,"href":"https:\/\/aconteceunovale.com.br\/portal\/index.php?rest_route=\/wp\/v2\/users\/1"}],"replies":[{"embeddable":true,"href":"https:\/\/aconteceunovale.com.br\/portal\/index.php?rest_route=%2Fwp%2Fv2%2Fcomments&post=34370"}],"version-history":[{"count":0,"href":"https:\/\/aconteceunovale.com.br\/portal\/index.php?rest_route=\/wp\/v2\/posts\/34370\/revisions"}],"wp:featuredmedia":[{"embeddable":true,"href":"https:\/\/aconteceunovale.com.br\/portal\/index.php?rest_route=\/wp\/v2\/media\/25373"}],"wp:attachment":[{"href":"https:\/\/aconteceunovale.com.br\/portal\/index.php?rest_route=%2Fwp%2Fv2%2Fmedia&parent=34370"}],"wp:term":[{"taxonomy":"category","embeddable":true,"href":"https:\/\/aconteceunovale.com.br\/portal\/index.php?rest_route=%2Fwp%2Fv2%2Fcategories&post=34370"},{"taxonomy":"post_tag","embeddable":true,"href":"https:\/\/aconteceunovale.com.br\/portal\/index.php?rest_route=%2Fwp%2Fv2%2Ftags&post=34370"}],"curies":[{"name":"wp","href":"https:\/\/api.w.org\/{rel}","templated":true}]}}