{"id":34366,"date":"2014-07-09T12:32:17","date_gmt":"2014-07-09T15:32:17","guid":{"rendered":"http:\/\/aconteceunovale.com.br\/portal\/?p=34366"},"modified":"2014-07-09T12:32:17","modified_gmt":"2014-07-09T15:32:17","slug":"bandidos-encapuzados-colocam-fogo-em-onibus-coletivo-de-timoteo","status":"publish","type":"post","link":"https:\/\/aconteceunovale.com.br\/portal\/?p=34366","title":{"rendered":"Bandidos encapuzados colocam fogo em \u00f4nibus coletivo de Tim\u00f3teo"},"content":{"rendered":"<p>Um \u00f4nibus de transporte coletivo ficou parcialmente destru\u00eddo pelas chamas na noite dessa ter\u00e7a-feira (8), no Bairro Alegre, em Tim\u00f3teo. Segundo informa\u00e7\u00f5es da Pol\u00edcia Militar, seis homens armados e encapuzados entraram no ve\u00edculo que fazia a linha Macuco \/ Centro, portando gal\u00f5es de um produto inflam\u00e1vel, provavelmente gasolina.<\/p>\n<p>Ainda de acordo com a PM, os bandidos determinaram que todos os passageiros descessem do \u00f4nibus, e em seguida espalharam a gasolina pelas poltronas e atearam fogo.<\/p>\n<p>A pol\u00edcia informou que dentro do coletivo havia 12 passageiros, mas ningu\u00e9m se feriu. No momento da a\u00e7\u00e3o, testemunhas tentaram apagar o inc\u00eandio, evitando que as chamas se alastrassem.<\/p>\n<p>O tenente Tiago Ferraz, do Corpo de Bombeiros de Coronel Fabriciano, disse que uma equipe esteve no local para ajudar a controlar as chamas, mesmo assim o ve\u00edculo teve poltronas e revestimentos de pl\u00e1stico consumidos pelo fogo.<\/p>\n<p>A administra\u00e7\u00e3o da concession\u00e1ria respons\u00e1vel pelo \u00f4nibus disse que dentro do ve\u00edculo possui c\u00e2meras de seguran\u00e7a, e que os v\u00eddeo j\u00e1 foram repassados para o comando da pol\u00edcia de Tim\u00f3teo. At\u00e9 o momento ningu\u00e9m foi preso.<\/p>\n<p><img decoding=\"async\" src=\"http:\/\/aconteceunovale.com.br\/portal\/wp-content\/uploads\/2014\/07\/onibus_queimado_timoteo_8_7_1.jpg\" alt=\"\" \/><em>Inc\u00eandio foi na noite dessa ter\u00e7a-feira (9) &#8211; (Foto: Patr\u00edcia Belo \/ G1)<\/em><br \/>\n<\/br><\/p>\n<p><img decoding=\"async\" src=\"http:\/\/aconteceunovale.com.br\/portal\/wp-content\/uploads\/2014\/07\/onibus_queimado_timoteo_8_7_2.jpg\" alt=\"\" \/><em>\u00d4nibus foi parcialmente queimado &#8211; (Foto: Patr\u00edcia Belo \/ G1)<\/em><br \/>\n<\/br><\/p>\n<p><strong><em>(Fonte: Inter TV dos Vales)<\/em><\/strong><\/p>\n","protected":false},"excerpt":{"rendered":"<p>Um \u00f4nibus de transporte coletivo ficou parcialmente destru\u00eddo pelas chamas na noite dessa ter\u00e7a-feira (8), no Bairro Alegre, em Tim\u00f3teo. Segundo informa\u00e7\u00f5es da Pol\u00edcia Militar, seis homens armados e encapuzados entraram no ve\u00edculo que fazia a linha Macuco \/ Centro, portando gal\u00f5es de um produto inflam\u00e1vel, provavelmente gasolina. Ainda de acordo com a PM, os [&hellip;]<\/p>\n","protected":false},"author":1,"featured_media":34367,"comment_status":"open","ping_status":"closed","sticky":false,"template":"","format":"standard","meta":{"amp_status":"","footnotes":""},"categories":[121],"tags":[10916,1105],"class_list":["post-34366","post","type-post","status-publish","format-standard","has-post-thumbnail","hentry","category-leste","tag-bandidos-encapuzados-colocam-fogo-em-onibus-coletivo-de-timoteo","tag-timoteo"],"_links":{"self":[{"href":"https:\/\/aconteceunovale.com.br\/portal\/index.php?rest_route=\/wp\/v2\/posts\/34366","targetHints":{"allow":["GET"]}}],"collection":[{"href":"https:\/\/aconteceunovale.com.br\/portal\/index.php?rest_route=\/wp\/v2\/posts"}],"about":[{"href":"https:\/\/aconteceunovale.com.br\/portal\/index.php?rest_route=\/wp\/v2\/types\/post"}],"author":[{"embeddable":true,"href":"https:\/\/aconteceunovale.com.br\/portal\/index.php?rest_route=\/wp\/v2\/users\/1"}],"replies":[{"embeddable":true,"href":"https:\/\/aconteceunovale.com.br\/portal\/index.php?rest_route=%2Fwp%2Fv2%2Fcomments&post=34366"}],"version-history":[{"count":0,"href":"https:\/\/aconteceunovale.com.br\/portal\/index.php?rest_route=\/wp\/v2\/posts\/34366\/revisions"}],"wp:featuredmedia":[{"embeddable":true,"href":"https:\/\/aconteceunovale.com.br\/portal\/index.php?rest_route=\/wp\/v2\/media\/34367"}],"wp:attachment":[{"href":"https:\/\/aconteceunovale.com.br\/portal\/index.php?rest_route=%2Fwp%2Fv2%2Fmedia&parent=34366"}],"wp:term":[{"taxonomy":"category","embeddable":true,"href":"https:\/\/aconteceunovale.com.br\/portal\/index.php?rest_route=%2Fwp%2Fv2%2Fcategories&post=34366"},{"taxonomy":"post_tag","embeddable":true,"href":"https:\/\/aconteceunovale.com.br\/portal\/index.php?rest_route=%2Fwp%2Fv2%2Ftags&post=34366"}],"curies":[{"name":"wp","href":"https:\/\/api.w.org\/{rel}","templated":true}]}}