{"id":34363,"date":"2014-07-09T12:13:25","date_gmt":"2014-07-09T15:13:25","guid":{"rendered":"http:\/\/aconteceunovale.com.br\/portal\/?p=34363"},"modified":"2014-07-09T12:13:25","modified_gmt":"2014-07-09T15:13:25","slug":"almenara-recebe-exposicao-itinerante-sobre-a-mata-atlantica","status":"publish","type":"post","link":"https:\/\/aconteceunovale.com.br\/portal\/?p=34363","title":{"rendered":"Almenara recebe exposi\u00e7\u00e3o itinerante sobre a Mata Atl\u00e2ntica"},"content":{"rendered":"<p>A cidade de Almenara receber\u00e1 entre os dias 18 a 27 de julho o projeto &#8220;A Mata Atl\u00e2ntica \u00e9 Aqui &#8211; Exposi\u00e7\u00e3o Itinerante do Cidad\u00e3o Atuante&#8221;, da Funda\u00e7\u00e3o SOS Mata Atl\u00e2ntica.  O objetivo da a\u00e7\u00e3o \u00e9 de estimular a conscientiza\u00e7\u00e3o ambiental da popula\u00e7\u00e3o, com atividades educativas e divertidas.<\/p>\n<p>Gratuito e aberto ao p\u00fablico, o projeto consiste em um caminh\u00e3o adaptado que percorre diversas cidades brasileiras ao longo do ano. Nele os interessados podem participar de palestras, oficinas, jogos educativos, exposi\u00e7\u00f5es, apresenta\u00e7\u00f5es art\u00edsticas e exibi\u00e7\u00f5es de v\u00eddeos, entre outras atividades, e tamb\u00e9m podem se tornar um volunt\u00e1rio do projeto. O caminh\u00e3o, que recebe grupos e escolas com visitas monitoradas, ficar\u00e1 no P\u00e1tio da Secretaria Municipal de Educa\u00e7\u00e3o de Almenara e conta com uma estrutura adequada para pessoas com defici\u00eancia. Para agendamento dos grupos, \u00e9 necess\u00e1rio entrar em contato pelo e-mail projeto.itinerante@sosma.org.br.<\/p>\n<p>Al\u00e9m disso, em toda a cidade que o projeto visita, a Funda\u00e7\u00e3o SOS Mata Atl\u00e2ntica realiza a an\u00e1lise da qualidade da \u00e1gua local, seja de um rio, c\u00f3rrego ou lago. O monitoramento utiliza 14 par\u00e2metros f\u00edsico-qu\u00edmicos para a an\u00e1lise, e envolve itens como a transpar\u00eancia da \u00e1gua, lixo e odor e classifica a qualidade como p\u00e9ssimo, ruim, regular, bom e \u00f3timo. O resultado \u00e9 divulgado no blog da Funda\u00e7\u00e3o: <a href=\"http:\/\/www.sosma.org.br\/blog\" target=\"_blank\">www.sosma.org.br\/blog<\/a>.<\/p>\n<p>O projeto tem o patroc\u00ednio do Bradesco Cart\u00f5es e Volkswagen Caminh\u00f5es &#038; \u00d4nibus, e parceria local da Prefeitura de Almenara, Secretaria Municipal de Agricultura e Meio Ambiente, Secretaria Municipal de Educa\u00e7\u00e3o, Reserva Biol\u00f3gica da Mata Escura e da Funda\u00e7\u00e3o Biodiversitas.<\/p>\n<p><img decoding=\"async\" src=\"http:\/\/aconteceunovale.com.br\/portal\/wp-content\/uploads\/2014\/07\/exposicao_itinerante_mata_atlantica.jpg\" alt=\"\" \/><em>(Exposi\u00e7\u00e3o itinerante estar\u00e1 em Almenara entre os dias 18 e 27 de julho &#8211; Foto: Divulga\u00e7\u00e3o)<\/em><br \/>\n<\/br><\/p>\n<h4><strong>Confira a programa\u00e7\u00e3o do evento:<\/strong><\/h4>\n<p><strong>Programa\u00e7\u00e3o<\/strong><\/p>\n<p>18 de julho (sex) &#8211; no p\u00e1tio da Secretaria Municipal de Educa\u00e7\u00e3o de Almenara.<\/p>\n<p>Atividades abertas ao p\u00fablico durante todo o tempo das 10h \u00e0s 17h<br \/>\n10h &#8211; Solenidade de abertura.<br \/>\n11h &#8211; CineMata: Exibi\u00e7\u00e3o de v\u00eddeos com temas socioambientais.<br \/>\n13h &#8211; Maquete din\u00e2mica: aprenda a import\u00e2ncia das florestas.<br \/>\n14h &#8211; Jogos educativos: Jogo Ludo Ambiental.<br \/>\n16h &#8211; Maquete din\u00e2mica: aprenda a import\u00e2ncia das florestas.<\/p>\n<p>19 de julho (s\u00e1b) &#8211; no p\u00e1tio da Secretaria Municipal de Educa\u00e7\u00e3o de Almenara.<\/p>\n<p>Atividades abertas ao p\u00fablico durante todo o tempo das 10h \u00e0s 17h<br \/>\n10h &#8211; Jogos educativos: Jogo da Mem\u00f3ria.<br \/>\n10h30 &#8211; Palestra: A Mata Atl\u00e2ntica \u00e9 aqui em Almenara-MG.<br \/>\n11h &#8211; CineMata: Exibi\u00e7\u00e3o de v\u00eddeos com temas socioambientais.<br \/>\n13h &#8211; Oficina desenho de animais da Mata Atl\u00e2ntica.<br \/>\n15h &#8211; Coleta da \u00e1gua do Rio Jequitinhonha para an\u00e1lise.<br \/>\n16h &#8211; Jogos educativos: Jogo A Mata \u00e9 o Bicho.<\/p>\n<p>20 de julho (dom) &#8211; no p\u00e1tio da Secretaria Municipal de Educa\u00e7\u00e3o de Almenara.<\/p>\n<p>Atividades abertas ao p\u00fablico durante todo o tempo das 10h \u00e0s 17h<br \/>\n10h &#8211; Oficina de pintura de m\u00e1scaras de animais da Mata Atl\u00e2ntica.<br \/>\n11h &#8211; Jogos educativos: Jogo Ludo Ambiental.<br \/>\n14h &#8211; CineMata: Exibi\u00e7\u00e3o de v\u00eddeos com temas socioambientais.<br \/>\n15h &#8211; Maquete din\u00e2mica: aprenda a import\u00e2ncia das florestas.<br \/>\n16h &#8211; Jogos educativos: Jogo A Mata \u00e9 o Bicho e Jogo da Mem\u00f3ria.<\/p>\n<p>21 de julho (seg) &#8211; no p\u00e1tio da Secretaria Municipal de Educa\u00e7\u00e3o de Almenara.<\/p>\n<p>Atividades abertas ao p\u00fablico durante todo o tempo das 10h \u00e0s 17h<br \/>\n10h &#8211; Jogos educativos: Jogo da Mem\u00f3ria.<br \/>\n10h30 &#8211; Oficina de pintura de m\u00e1scaras de animais da Mata Atl\u00e2ntica.<br \/>\n11h &#8211; Maquete din\u00e2mica: aprenda a import\u00e2ncia das florestas.<br \/>\n14h &#8211; Jogos educativos: Jogo A Mata \u00e9 o Bicho.<br \/>\n15h &#8211; Oficina de desenhos de animais da Mata Atl\u00e2ntica.<br \/>\n15h30 &#8211; Palestra: &#8220;Reserva Mata do Passarinho&#8221;, em parceria com a Funda\u00e7\u00e3o Biodiversitas. Palestrante: Alexandre Enout &#8211; gerente das Reservas Particulares do Patrim\u00f4nio Natural &#8211; Mata do Passarinho e Mata do Sossego.<br \/>\n16h &#8211; Jogos educativos: Jogo Ludo Ambiental.<\/p>\n<p>22 de julho (ter) &#8211; no p\u00e1tio da Secretaria Municipal de Educa\u00e7\u00e3o de Almenara.<\/p>\n<p>Atividades abertas ao p\u00fablico durante todo o tempo das 10h \u00e0s 17h<br \/>\n10h &#8211; Conta\u00e7\u00e3o de hist\u00f3rias &#8220;De olho nos bichos&#8221;.<br \/>\n11h &#8211; Jogos educativos: Jogo Ludo Ambiental.<br \/>\n13h &#8211; Maquete din\u00e2mica: aprenda a import\u00e2ncia das florestas.<br \/>\n16h &#8211; CineMata: Exibi\u00e7\u00e3o de v\u00eddeos com temas socioambientais.<\/p>\n<p>23 de julho (qua) &#8211; no p\u00e1tio da Secretaria Municipal de Educa\u00e7\u00e3o de Almenara.<\/p>\n<p>Atividades abertas ao p\u00fablico durante todo o tempo das 10h \u00e0s 17h<br \/>\n10h &#8211; CineMata: Exibi\u00e7\u00e3o de v\u00eddeos com temas socioambientais.<br \/>\n13h &#8211; Oficina de desenhos de animais da Mata Atl\u00e2ntica.<br \/>\n14h30 &#8211; Maquete din\u00e2mica: aprenda a import\u00e2ncia das florestas.<br \/>\n15h &#8211; Jogos educativos: Jogo Ludo Ambiental.<br \/>\n15h30 &#8211; Palestra: &#8220;Reserva Mata do Passarinho&#8221;, em parceria com a Funda\u00e7\u00e3o Biodiversitas. Palestrante: Alexandre Enout &#8211; gerente das Reservas Particulares do Patrim\u00f4nio Natural &#8211; Mata do Passarinho e Mata do Sossego.<br \/>\n16h &#8211; Jogos educativos: Jogo A Mata \u00e9 o Bicho.<\/p>\n<p>24 de julho (qui) &#8211; no p\u00e1tio da Secretaria Municipal de Educa\u00e7\u00e3o de Almenara.<\/p>\n<p>Atividades abertas ao p\u00fablico durante todo o tempo das 10h \u00e0s 17h<br \/>\n10h &#8211; Jogos educativos: Jogo Ludo Ambiental e Jogo da Mem\u00f3ria.<br \/>\n11h &#8211; Maquete din\u00e2mica: aprenda a import\u00e2ncia das florestas.<br \/>\n13h &#8211; Oficina de desenhos de animais da Mata Atl\u00e2ntica.<br \/>\n15h &#8211; Jogos educativos: Jogo Ludo Ambiental.<br \/>\n16h &#8211; CineMata: Exibi\u00e7\u00e3o de v\u00eddeos com temas socioambientais.<\/p>\n<p>25 de julho (sex) &#8211; no p\u00e1tio da Secretaria Municipal de Educa\u00e7\u00e3o de Almenara.<\/p>\n<p>Atividades abertas ao p\u00fablico durante todo o tempo das 10h \u00e0s 17h<br \/>\n10h &#8211; CineMata: Exibi\u00e7\u00e3o de v\u00eddeos com temas socioambientais.<br \/>\n11h30 &#8211; Maquete din\u00e2mica: aprenda a import\u00e2ncia das florestas.<br \/>\n14h &#8211; Conta\u00e7\u00e3o de hist\u00f3rias &#8220;De olho nos bichos&#8221;.<br \/>\n15h &#8211; Jogos educativos: Jogo Ludo Ambiental.<\/p>\n<p>26 de julho (s\u00e1b) &#8211; no p\u00e1tio da Secretaria Municipal de Educa\u00e7\u00e3o de Almenara.<\/p>\n<p>Atividades abertas ao p\u00fablico durante todo o tempo das 10h \u00e0s 17h<br \/>\n10h &#8211; Oficina de plantio.<br \/>\n11h30 &#8211; Jogos educativos: Jogo Ludo Ambiental e Jogo A Mata \u00e9 o Bicho.<br \/>\n14h &#8211; Oficina de pintura de m\u00e1scaras de animais da Mata Atl\u00e2ntica.<br \/>\n15h &#8211; CineMata: Exibi\u00e7\u00e3o de v\u00eddeos com temas socioambientais.<br \/>\n15h30 &#8211; Conta\u00e7\u00e3o de hist\u00f3rias &#8220;De olho nos bichos&#8221;.<br \/>\n16h &#8211; Maquete din\u00e2mica: aprenda a import\u00e2ncia das florestas.<\/p>\n<p>27 de julho (dom) &#8211; no p\u00e1tio da Secretaria Municipal de Educa\u00e7\u00e3o de Almenara.<\/p>\n<p>Atividades abertas ao p\u00fablico durante todo o tempo das 10h \u00e0s 17h<br \/>\n10h &#8211; CineMata: Exibi\u00e7\u00e3o de v\u00eddeos com temas socioambientais.<br \/>\n11h &#8211; Jogos educativos: Jogo Ludo Ambiental.<br \/>\n13h &#8211; Maquete din\u00e2mica: aprenda a import\u00e2ncia das florestas.<br \/>\n14h &#8211; Oficina de pintura de m\u00e1scaras de animais da Mata Atl\u00e2ntica.<br \/>\n15h30 &#8211; CineMata: Exibi\u00e7\u00e3o de v\u00eddeos com temas socioambientais.<br \/>\n16h &#8211; Jogos educativos: Jogo da Mem\u00f3ria e Jogo A Mata \u00e9 o Bicho.<\/p>\n<p>Atividades que podem ser realizadas a qualquer momento: CineMata, jogo Ludo Ambiental, jogo da Mem\u00f3ria, jogo A Mata \u00e9 o Bicho, maquete din\u00e2mica, oficina de pintura de m\u00e1scaras de animais da Mata Atl\u00e2ntica, oficina de desenhos, Conta\u00e7\u00e3o de hist\u00f3rias e outros jogos educativos.<\/p>\n<p>Servi\u00e7o:<br \/>\nProjeto: A Mata Atl\u00e2ntica \u00e9 Aqui &#8211; Exposi\u00e7\u00e3o Itinerante do Cidad\u00e3o Atuante.<\/p>\n<p>Local: P\u00e1tio da Secretaria Municipal de Educa\u00e7\u00e3o de Almenara &#8211; Rua Dr. Sabino Silva s\/n &#8211; Bairro Santo Ant\u00f4nio, Almenara (MG).<br \/>\nData: 18 a 27 de julho de 2014.<br \/>\nHor\u00e1rio: 10h \u00e0s 17h.<\/p>\n","protected":false},"excerpt":{"rendered":"<p>A cidade de Almenara receber\u00e1 entre os dias 18 a 27 de julho o projeto &#8220;A Mata Atl\u00e2ntica \u00e9 Aqui &#8211; Exposi\u00e7\u00e3o Itinerante do Cidad\u00e3o Atuante&#8221;, da Funda\u00e7\u00e3o SOS Mata Atl\u00e2ntica. O objetivo da a\u00e7\u00e3o \u00e9 de estimular a conscientiza\u00e7\u00e3o ambiental da popula\u00e7\u00e3o, com atividades educativas e divertidas. Gratuito e aberto ao p\u00fablico, o projeto [&hellip;]<\/p>\n","protected":false},"author":1,"featured_media":34364,"comment_status":"open","ping_status":"closed","sticky":false,"template":"","format":"standard","meta":{"amp_status":"","footnotes":""},"categories":[120],"tags":[10915,142,10913,10914],"class_list":["post-34363","post","type-post","status-publish","format-standard","has-post-thumbnail","hentry","category-jequi","tag-a-mata-atlantica-e-aqui-exposicao-itinerante-do-cidadao-atuante","tag-almenara","tag-almenara-recebe-exposicao-itinerante-sobre-a-mata-atlantica","tag-exposicao-itinerante-sobre-a-mata-atlantica"],"_links":{"self":[{"href":"https:\/\/aconteceunovale.com.br\/portal\/index.php?rest_route=\/wp\/v2\/posts\/34363","targetHints":{"allow":["GET"]}}],"collection":[{"href":"https:\/\/aconteceunovale.com.br\/portal\/index.php?rest_route=\/wp\/v2\/posts"}],"about":[{"href":"https:\/\/aconteceunovale.com.br\/portal\/index.php?rest_route=\/wp\/v2\/types\/post"}],"author":[{"embeddable":true,"href":"https:\/\/aconteceunovale.com.br\/portal\/index.php?rest_route=\/wp\/v2\/users\/1"}],"replies":[{"embeddable":true,"href":"https:\/\/aconteceunovale.com.br\/portal\/index.php?rest_route=%2Fwp%2Fv2%2Fcomments&post=34363"}],"version-history":[{"count":0,"href":"https:\/\/aconteceunovale.com.br\/portal\/index.php?rest_route=\/wp\/v2\/posts\/34363\/revisions"}],"wp:featuredmedia":[{"embeddable":true,"href":"https:\/\/aconteceunovale.com.br\/portal\/index.php?rest_route=\/wp\/v2\/media\/34364"}],"wp:attachment":[{"href":"https:\/\/aconteceunovale.com.br\/portal\/index.php?rest_route=%2Fwp%2Fv2%2Fmedia&parent=34363"}],"wp:term":[{"taxonomy":"category","embeddable":true,"href":"https:\/\/aconteceunovale.com.br\/portal\/index.php?rest_route=%2Fwp%2Fv2%2Fcategories&post=34363"},{"taxonomy":"post_tag","embeddable":true,"href":"https:\/\/aconteceunovale.com.br\/portal\/index.php?rest_route=%2Fwp%2Fv2%2Ftags&post=34363"}],"curies":[{"name":"wp","href":"https:\/\/api.w.org\/{rel}","templated":true}]}}