{"id":34357,"date":"2014-07-09T11:53:59","date_gmt":"2014-07-09T14:53:59","guid":{"rendered":"http:\/\/aconteceunovale.com.br\/portal\/?p=34357"},"modified":"2014-07-09T11:53:59","modified_gmt":"2014-07-09T14:53:59","slug":"jovem-de-20-anos-e-morto-a-tiros-na-porta-da-casa-onde-morava-em-santana-do-aracuai","status":"publish","type":"post","link":"https:\/\/aconteceunovale.com.br\/portal\/?p=34357","title":{"rendered":"Jovem de 20 anos \u00e9 morto a tiros na porta da casa onde morava em Santana do Ara\u00e7ua\u00ed"},"content":{"rendered":"<p>Um jovem de 20 anos foi assassinado na noite dessa ter\u00e7a-feira (8) quando chegava em casa no Distrito de Santana do Ara\u00e7ua\u00ed, na cidade de Ponto dos Volantes (MG).<\/p>\n<p>Segundo a Pol\u00edcia Militar de Itaobim, a v\u00edtima estava entrando em sua resid\u00eancia quando os criminosos, que estavam em um carro, efetuaram v\u00e1rios disparos. A v\u00edtima foi atingida por dois tiros e morreu no local.<\/p>\n<p>De acordo com a Pol\u00edcia Militar, na casa da v\u00edtima tamb\u00e9m havia marcas de tiros na porta e nas paredes.<\/p>\n<p>A pol\u00edcia j\u00e1 identificou os suspeitos, mas at\u00e9 o momento ningu\u00e9m foi preso.<\/p>\n<p><img decoding=\"async\" src=\"http:\/\/aconteceunovale.com.br\/portal\/wp-content\/uploads\/2014\/07\/santana_do_aracuai.jpg\" alt=\"\" \/><em>Santana do Ara\u00e7ua\u00ed \u00e9 distrito de Ponto dos Volantes &#8211; Foto: Gazeta de Ara\u00e7ua\u00ed<\/em><br \/>\n<\/br><\/p>\n<p><strong><em>(Fonte: Inter TV dos Vales)<\/em><\/strong><\/p>\n","protected":false},"excerpt":{"rendered":"<p>Um jovem de 20 anos foi assassinado na noite dessa ter\u00e7a-feira (8) quando chegava em casa no Distrito de Santana do Ara\u00e7ua\u00ed, na cidade de Ponto dos Volantes (MG). Segundo a Pol\u00edcia Militar de Itaobim, a v\u00edtima estava entrando em sua resid\u00eancia quando os criminosos, que estavam em um carro, efetuaram v\u00e1rios disparos. A v\u00edtima [&hellip;]<\/p>\n","protected":false},"author":1,"featured_media":34358,"comment_status":"open","ping_status":"closed","sticky":false,"template":"","format":"standard","meta":{"amp_status":"","footnotes":""},"categories":[120],"tags":[10910,10908,444,10909],"class_list":["post-34357","post","type-post","status-publish","format-standard","has-post-thumbnail","hentry","category-jequi","tag-jovem-de-20-anos-e-morto-a-tiros-na-porta-da-casa-onde-morava-em-santana-do-aracuai","tag-jovem-de-20-anos-e-morto-a-tiros-na-porta-de-casa-em-santana-do-aracuai","tag-ponto-dos-volantes","tag-santana-do-aracuai"],"_links":{"self":[{"href":"https:\/\/aconteceunovale.com.br\/portal\/index.php?rest_route=\/wp\/v2\/posts\/34357","targetHints":{"allow":["GET"]}}],"collection":[{"href":"https:\/\/aconteceunovale.com.br\/portal\/index.php?rest_route=\/wp\/v2\/posts"}],"about":[{"href":"https:\/\/aconteceunovale.com.br\/portal\/index.php?rest_route=\/wp\/v2\/types\/post"}],"author":[{"embeddable":true,"href":"https:\/\/aconteceunovale.com.br\/portal\/index.php?rest_route=\/wp\/v2\/users\/1"}],"replies":[{"embeddable":true,"href":"https:\/\/aconteceunovale.com.br\/portal\/index.php?rest_route=%2Fwp%2Fv2%2Fcomments&post=34357"}],"version-history":[{"count":0,"href":"https:\/\/aconteceunovale.com.br\/portal\/index.php?rest_route=\/wp\/v2\/posts\/34357\/revisions"}],"wp:featuredmedia":[{"embeddable":true,"href":"https:\/\/aconteceunovale.com.br\/portal\/index.php?rest_route=\/wp\/v2\/media\/34358"}],"wp:attachment":[{"href":"https:\/\/aconteceunovale.com.br\/portal\/index.php?rest_route=%2Fwp%2Fv2%2Fmedia&parent=34357"}],"wp:term":[{"taxonomy":"category","embeddable":true,"href":"https:\/\/aconteceunovale.com.br\/portal\/index.php?rest_route=%2Fwp%2Fv2%2Fcategories&post=34357"},{"taxonomy":"post_tag","embeddable":true,"href":"https:\/\/aconteceunovale.com.br\/portal\/index.php?rest_route=%2Fwp%2Fv2%2Ftags&post=34357"}],"curies":[{"name":"wp","href":"https:\/\/api.w.org\/{rel}","templated":true}]}}