{"id":34351,"date":"2014-07-08T22:48:50","date_gmt":"2014-07-09T01:48:50","guid":{"rendered":"http:\/\/aconteceunovale.com.br\/portal\/?p=34351"},"modified":"2014-07-08T22:48:50","modified_gmt":"2014-07-09T01:48:50","slug":"garimpeiro-paranaense-morre-esmagado-dentro-de-tunel-em-nova-era","status":"publish","type":"post","link":"https:\/\/aconteceunovale.com.br\/portal\/?p=34351","title":{"rendered":"Garimpeiro paranaense morre esmagado dentro de t\u00fanel em Nova Era"},"content":{"rendered":"<p>O garimpeiro Manoel da Silva, de 49 anos, morreu soterrado na manh\u00e3 desta ter\u00e7a-feira, 8 de julho, enquanto trabalhava dentro de um t\u00fanel no garimpo de Capoeirana, em Nova Era. Segundo informa\u00e7\u00f5es das autoridades, uma enorme pedra caiu sobre o homem, que morreu na hora.<\/p>\n<p>Outros garimpeiros estavam no t\u00fanel junto com Manoel, que estava agachado quando a pedra cedeu e caiu em cima dele. Os colegas conseguiram escapar e sa\u00edram do t\u00fanel correndo.<\/p>\n<p>Depois eles quebraram a pedra para retirar o corpo da v\u00edtima. O Grupo de Atendimento Volunt\u00e1rio de Emerg\u00eancia (Gave), de Nova Era, esteve no local, mas o homem j\u00e1 estava sem vida.<\/p>\n<p>A perita Margareth, da Pol\u00edcia Civil de Jo\u00e3o Monlevade, fez os trabalhos t\u00e9cnicos e liberou o corpo para ser levado ao necrot\u00e9rio do Cemit\u00e9rio do Ba\u00fa. O garimpeiro trabalhava no local h\u00e1 dois meses e era natural de Jardim Alegre, no Paran\u00e1. Antes de chegar a Capoeirana, ele trabalhou na Bahia.<\/p>\n<p><img decoding=\"async\" src=\"http:\/\/aconteceunovale.com.br\/portal\/wp-content\/uploads\/2014\/07\/garimpeiro_morto_nova_era.jpg\" alt=\"\" \/><br \/>\n<strong><em>(Foto e informa\u00e7\u00f5es do Portal DeFato Online)<\/em><\/strong><\/p>\n","protected":false},"excerpt":{"rendered":"<p>O garimpeiro Manoel da Silva, de 49 anos, morreu soterrado na manh\u00e3 desta ter\u00e7a-feira, 8 de julho, enquanto trabalhava dentro de um t\u00fanel no garimpo de Capoeirana, em Nova Era. Segundo informa\u00e7\u00f5es das autoridades, uma enorme pedra caiu sobre o homem, que morreu na hora. Outros garimpeiros estavam no t\u00fanel junto com Manoel, que estava [&hellip;]<\/p>\n","protected":false},"author":1,"featured_media":34353,"comment_status":"open","ping_status":"closed","sticky":false,"template":"","format":"standard","meta":{"amp_status":"","footnotes":""},"categories":[123],"tags":[10902,10900,10903,1102,10901,1103],"class_list":["post-34351","post","type-post","status-publish","format-standard","has-post-thumbnail","hentry","category-gerais","tag-garimpeiro-manoel-da-silva","tag-garimpeiro-paranaense-morre-esmagado-dentro-de-tunel-em-nova-era","tag-jardim-alegre","tag-joao-monlevade","tag-manoel-da-silva","tag-nova-era"],"_links":{"self":[{"href":"https:\/\/aconteceunovale.com.br\/portal\/index.php?rest_route=\/wp\/v2\/posts\/34351","targetHints":{"allow":["GET"]}}],"collection":[{"href":"https:\/\/aconteceunovale.com.br\/portal\/index.php?rest_route=\/wp\/v2\/posts"}],"about":[{"href":"https:\/\/aconteceunovale.com.br\/portal\/index.php?rest_route=\/wp\/v2\/types\/post"}],"author":[{"embeddable":true,"href":"https:\/\/aconteceunovale.com.br\/portal\/index.php?rest_route=\/wp\/v2\/users\/1"}],"replies":[{"embeddable":true,"href":"https:\/\/aconteceunovale.com.br\/portal\/index.php?rest_route=%2Fwp%2Fv2%2Fcomments&post=34351"}],"version-history":[{"count":0,"href":"https:\/\/aconteceunovale.com.br\/portal\/index.php?rest_route=\/wp\/v2\/posts\/34351\/revisions"}],"wp:featuredmedia":[{"embeddable":true,"href":"https:\/\/aconteceunovale.com.br\/portal\/index.php?rest_route=\/wp\/v2\/media\/34353"}],"wp:attachment":[{"href":"https:\/\/aconteceunovale.com.br\/portal\/index.php?rest_route=%2Fwp%2Fv2%2Fmedia&parent=34351"}],"wp:term":[{"taxonomy":"category","embeddable":true,"href":"https:\/\/aconteceunovale.com.br\/portal\/index.php?rest_route=%2Fwp%2Fv2%2Fcategories&post=34351"},{"taxonomy":"post_tag","embeddable":true,"href":"https:\/\/aconteceunovale.com.br\/portal\/index.php?rest_route=%2Fwp%2Fv2%2Ftags&post=34351"}],"curies":[{"name":"wp","href":"https:\/\/api.w.org\/{rel}","templated":true}]}}