{"id":34345,"date":"2014-07-08T21:03:57","date_gmt":"2014-07-09T00:03:57","guid":{"rendered":"http:\/\/aconteceunovale.com.br\/portal\/?p=34345"},"modified":"2014-07-08T21:03:57","modified_gmt":"2014-07-09T00:03:57","slug":"motociclista-fica-ferido-em-acidente-na-br-367-em-diamantina","status":"publish","type":"post","link":"https:\/\/aconteceunovale.com.br\/portal\/?p=34345","title":{"rendered":"Motociclista fica ferido em acidente na BR-367, em Diamantina"},"content":{"rendered":"<p>Um motociclista ficou ferido em um acidente na manh\u00e3 desta ter\u00e7a-feira, 8 de julho, na BR-367, pr\u00f3ximo ao radar, sentido Campus II da Universidade Federal dos Vales do Jequitinhonha e Mucuri (UFVJM), em Diamantina\/MG. A fatalidade foi registrada por volta das 7 horas da manh\u00e3. <\/p>\n<p>Testemunhas relataram que apesar de estar aparentemente muito ferido, o condutor estava consciente e conversava com as pessoas que se aproximaram. Ele foi socorrido e encaminhado para atendimento m\u00e9dico em um hospital de Diamantina.<\/p>\n<p><img decoding=\"async\" src=\"http:\/\/aconteceunovale.com.br\/portal\/wp-content\/uploads\/2014\/07\/acidente_moto_dtna.jpg\" alt=\"\" \/><em>(Foto enviada por internauta atrav\u00e9s do WhatsApp 03388686512)<\/em><\/p>\n","protected":false},"excerpt":{"rendered":"<p>Um motociclista ficou ferido em um acidente na manh\u00e3 desta ter\u00e7a-feira, 8 de julho, na BR-367, pr\u00f3ximo ao radar, sentido Campus II da Universidade Federal dos Vales do Jequitinhonha e Mucuri (UFVJM), em Diamantina\/MG. A fatalidade foi registrada por volta das 7 horas da manh\u00e3. Testemunhas relataram que apesar de estar aparentemente muito ferido, o [&hellip;]<\/p>\n","protected":false},"author":1,"featured_media":34346,"comment_status":"open","ping_status":"closed","sticky":false,"template":"","format":"standard","meta":{"amp_status":"","footnotes":""},"categories":[120],"tags":[10895,198,10894,10893],"class_list":["post-34345","post","type-post","status-publish","format-standard","has-post-thumbnail","hentry","category-jequi","tag-acidente-com-motociclista-em-diamantina","tag-diamantina","tag-motociclista-fica-ferido-em-acidente-em-diamantina","tag-motociclista-fica-ferido-em-acidente-na-br-367-em-diamantina"],"_links":{"self":[{"href":"https:\/\/aconteceunovale.com.br\/portal\/index.php?rest_route=\/wp\/v2\/posts\/34345","targetHints":{"allow":["GET"]}}],"collection":[{"href":"https:\/\/aconteceunovale.com.br\/portal\/index.php?rest_route=\/wp\/v2\/posts"}],"about":[{"href":"https:\/\/aconteceunovale.com.br\/portal\/index.php?rest_route=\/wp\/v2\/types\/post"}],"author":[{"embeddable":true,"href":"https:\/\/aconteceunovale.com.br\/portal\/index.php?rest_route=\/wp\/v2\/users\/1"}],"replies":[{"embeddable":true,"href":"https:\/\/aconteceunovale.com.br\/portal\/index.php?rest_route=%2Fwp%2Fv2%2Fcomments&post=34345"}],"version-history":[{"count":0,"href":"https:\/\/aconteceunovale.com.br\/portal\/index.php?rest_route=\/wp\/v2\/posts\/34345\/revisions"}],"wp:featuredmedia":[{"embeddable":true,"href":"https:\/\/aconteceunovale.com.br\/portal\/index.php?rest_route=\/wp\/v2\/media\/34346"}],"wp:attachment":[{"href":"https:\/\/aconteceunovale.com.br\/portal\/index.php?rest_route=%2Fwp%2Fv2%2Fmedia&parent=34345"}],"wp:term":[{"taxonomy":"category","embeddable":true,"href":"https:\/\/aconteceunovale.com.br\/portal\/index.php?rest_route=%2Fwp%2Fv2%2Fcategories&post=34345"},{"taxonomy":"post_tag","embeddable":true,"href":"https:\/\/aconteceunovale.com.br\/portal\/index.php?rest_route=%2Fwp%2Fv2%2Ftags&post=34345"}],"curies":[{"name":"wp","href":"https:\/\/api.w.org\/{rel}","templated":true}]}}