{"id":34303,"date":"2014-07-08T19:17:46","date_gmt":"2014-07-08T22:17:46","guid":{"rendered":"http:\/\/aconteceunovale.com.br\/portal\/?p=34303"},"modified":"2014-07-08T19:17:46","modified_gmt":"2014-07-08T22:17:46","slug":"ex-deputado-federal-plinio-de-arruda-sampaio-morre-aos-83-anos","status":"publish","type":"post","link":"https:\/\/aconteceunovale.com.br\/portal\/?p=34303","title":{"rendered":"Ex-deputado federal Pl\u00ednio de Arruda Sampaio morre aos 83 anos"},"content":{"rendered":"<p>Morreu nesta ter\u00e7a-feira (8), em S\u00e3o Paulo, o ex-deputado Pl\u00ednio de Arruda Sampaio, 83 anos. Ele foi candidato a presidente da Rep\u00fablica em 2010, pelo PSOL, e ficou em quarto lugar, com 886 mil votos.<\/p>\n<p>Pl\u00ednio tratava um c\u00e2ncer nos ossos no hospital S\u00edrio-Liban\u00eas, em S\u00e3o Paulo. A assessoria de imprensa da institui\u00e7\u00e3o confirmou o falecimento, mas ainda n\u00e3o informou as causas. No dia 26 de julho, Pl\u00ednio completaria 84 anos de idade.<\/p>\n<p><img decoding=\"async\" src=\"http:\/\/aconteceunovale.com.br\/portal\/wp-content\/uploads\/2014\/07\/plinio_arruda_morre_aos_83_anos.jpg\" alt=\"\" \/><em><strong>(Ex-deputado federal morreu aos 83 anos de idade)<\/strong><\/em><br \/>\n<\/br><\/p>\n<p>\u00cdcone da esquerda cat\u00f3lica, Pl\u00ednio mantinha boas rela\u00e7\u00f5es com pol\u00edticos de partidos antag\u00f4nicos, como PT e PSDB, e era um dos poucos remanescentes da pol\u00edtica pr\u00e9-ditadura militar.<\/p>\n<p>Em 1964, quando o golpe derrubou o presidente Jo\u00e3o Goulart, era deputado pelo antigo PDC (Partido Democrata Crist\u00e3o) e relator da Comiss\u00e3o Especial de Reforma Agr\u00e1ria.<\/p>\n<p>Teve os direitos pol\u00edticos cassados pelo AI-1 (Ato Institucional) e foi obrigado a se exilar no Chile. Depois fez mestrado em Cornell, nos EUA. Voltou ao Brasil em 1976.<\/p>\n<p>Em 1981, Pl\u00ednio se filiou ao PT, do qual passou a ser um dos mais importantes formuladores. Voltou \u00e0 C\u00e2mara em 1985, como suplente de Eduardo Suplicy, e se reelegeu no ano seguinte para a Assembleia Constituinte.<\/p>\n<p>Participou da coordena\u00e7\u00e3o da primeira campanha de Lula \u00e0 Presid\u00eancia, em 1989. No ano seguinte, disputou o governo de S\u00e3o Paulo pelo PT e ficou em quarto lugar.<\/p>\n<p>Pl\u00ednio deixou o PT em 2005, desiludido com o esc\u00e2ndalo do mensal\u00e3o. Ajudou a fundar o PSOL e disputou o governo de S\u00e3o Paulo no ano seguinte.<\/p>\n<p>Em 2010, aos 80 anos, lan\u00e7ou-se em uma esp\u00e9cie de anticandidatura \u00e0 Presid\u00eancia pelo PSOL. Com tiradas bem-humoradas, virou atra\u00e7\u00e3o dos debates presidenciais, mas n\u00e3o conseguiu se aproximar de Dilma Rousseff (PT), Jos\u00e9 Serra (PSDB) e Marina Silva (PV) nas pesquisas.<\/p>\n<p>Com a sa\u00fade debilitada, ele acompanhou de longe a desist\u00eancia de Randolfe Rodrigues e a escolha de Luciana Genro como nova candidata do PSOL ao Planalto.<\/p>\n<h4><strong>Livro sobre a hist\u00f3ria da humanidade<\/strong><\/h4>\n<p>De acordo com Francisco, o mais velho dentre os seis filhos, Pl\u00ednio pediu para que o filho trouxesse um livro que est\u00e1 terminando de traduzir.<\/p>\n<p>&#8220;O livro fala sobre a hist\u00f3ria da humanidade do ponto de vista do povo. Ele queria muito terminar essa tradu\u00e7\u00e3o, mas por conta das dores n\u00e3o conseguiu achar posi\u00e7\u00e3o na cama para escrever&#8221;, disse Francisco. Em 2001, Pl\u00ednio teve um c\u00e2ncer no est\u00f4mago, do qual se recuperou, mas perdeu muitos quilos e desde ent\u00e3o estava pesando por volta de 51 kg.<\/p>\n<p>&#8220;J\u00e1 cumpri o que eu tinha que cumprir&#8221;, disse o pol\u00edtico em entrevista em mar\u00e7o \u00e0 coluna da M\u00f4nica Bergamo. &#8220;E seria muito ruim ir para Bras\u00edlia e deixar a Marietta sozinha aqui em S\u00e3o Paulo&#8221;, citando a companheira h\u00e1 60 anos.<\/p>\n<p>Advogado, Pl\u00ednio chegou a ser presidente da Abra (Associa\u00e7\u00e3o Brasileira de Reforma Agr\u00e1ria), diretor do &#8220;Correio da Cidadania&#8221; e consultor da FAO (Organiza\u00e7\u00e3o das Na\u00e7\u00f5es Unidas para a Agricultura e a Alimenta\u00e7\u00e3o).<\/p>\n<p>Defensor do trabalho do STF (Supremo Tribunal Federal), disse que o julgamento do mensal\u00e3o foi &#8220;\u00edntegro&#8221;, mas que ficou &#8220;triste&#8221; ao ver ex-companheiros presos, como Jos\u00e9 Dirceu (&#8220;ele roubou mesmo&#8221;) e Jos\u00e9 Genoino (&#8220;vivia com dificuldade, pegou para o partido&#8221;).<\/p>\n<p><em><strong>(O Tempo)<\/strong><\/em><\/p>\n","protected":false},"excerpt":{"rendered":"<p>Morreu nesta ter\u00e7a-feira (8), em S\u00e3o Paulo, o ex-deputado Pl\u00ednio de Arruda Sampaio, 83 anos. Ele foi candidato a presidente da Rep\u00fablica em 2010, pelo PSOL, e ficou em quarto lugar, com 886 mil votos. Pl\u00ednio tratava um c\u00e2ncer nos ossos no hospital S\u00edrio-Liban\u00eas, em S\u00e3o Paulo. A assessoria de imprensa da institui\u00e7\u00e3o confirmou o [&hellip;]<\/p>\n","protected":false},"author":1,"featured_media":34304,"comment_status":"open","ping_status":"closed","sticky":false,"template":"","format":"standard","meta":{"amp_status":"","footnotes":""},"categories":[6],"tags":[10883,10885,10887,10884,10886],"class_list":["post-34303","post","type-post","status-publish","format-standard","has-post-thumbnail","hentry","category-br","tag-ex-deputado-federal-plinio-de-arruda-sampaio-morre-aos-83-anos","tag-morre-plinio-de-arruda-sampaio","tag-morte-de-plinio-de-arruda-sampaio","tag-plinio-de-arruda-sampaio","tag-plinio-de-arruda-sampaio-morreu-aos-83-anos"],"_links":{"self":[{"href":"https:\/\/aconteceunovale.com.br\/portal\/index.php?rest_route=\/wp\/v2\/posts\/34303","targetHints":{"allow":["GET"]}}],"collection":[{"href":"https:\/\/aconteceunovale.com.br\/portal\/index.php?rest_route=\/wp\/v2\/posts"}],"about":[{"href":"https:\/\/aconteceunovale.com.br\/portal\/index.php?rest_route=\/wp\/v2\/types\/post"}],"author":[{"embeddable":true,"href":"https:\/\/aconteceunovale.com.br\/portal\/index.php?rest_route=\/wp\/v2\/users\/1"}],"replies":[{"embeddable":true,"href":"https:\/\/aconteceunovale.com.br\/portal\/index.php?rest_route=%2Fwp%2Fv2%2Fcomments&post=34303"}],"version-history":[{"count":0,"href":"https:\/\/aconteceunovale.com.br\/portal\/index.php?rest_route=\/wp\/v2\/posts\/34303\/revisions"}],"wp:featuredmedia":[{"embeddable":true,"href":"https:\/\/aconteceunovale.com.br\/portal\/index.php?rest_route=\/wp\/v2\/media\/34304"}],"wp:attachment":[{"href":"https:\/\/aconteceunovale.com.br\/portal\/index.php?rest_route=%2Fwp%2Fv2%2Fmedia&parent=34303"}],"wp:term":[{"taxonomy":"category","embeddable":true,"href":"https:\/\/aconteceunovale.com.br\/portal\/index.php?rest_route=%2Fwp%2Fv2%2Fcategories&post=34303"},{"taxonomy":"post_tag","embeddable":true,"href":"https:\/\/aconteceunovale.com.br\/portal\/index.php?rest_route=%2Fwp%2Fv2%2Ftags&post=34303"}],"curies":[{"name":"wp","href":"https:\/\/api.w.org\/{rel}","templated":true}]}}