{"id":34290,"date":"2014-07-08T16:34:45","date_gmt":"2014-07-08T19:34:45","guid":{"rendered":"http:\/\/aconteceunovale.com.br\/portal\/?p=34290"},"modified":"2014-07-08T16:34:45","modified_gmt":"2014-07-08T19:34:45","slug":"prf-apreende-25-veiculos-sem-crlv-nas-rodovias-do-norte-de-minas-gerais","status":"publish","type":"post","link":"https:\/\/aconteceunovale.com.br\/portal\/?p=34290","title":{"rendered":"PRF apreende 25 ve\u00edculos sem CRLV nas rodovias do Norte de Minas Gerais"},"content":{"rendered":"<h4><strong>Documento \u00e9 emitido quando todos os d\u00e9bitos s\u00e3o quitados. Est\u00e3o sendo cobrados finais de placa 1, 2 e 3.<\/strong><\/h4>\n<p>25 ve\u00edculos sem o Certificado de Registro e Licenciamento de Ve\u00edculos 2014 foram apreendidos pela Pol\u00edcia Rodovi\u00e1ria Federal, no Norte de Minas Gerais, nesta segunda-feira (7). O documento \u00e9 de porte obrigat\u00f3rio.<\/p>\n<p>Segundo a PRF, os motoristas abordados disseram estar esperando o documento chegar em casa, mas a pol\u00edcia orienta que o CRLV \u00e9 emitido depois que todos os d\u00e9bitos s\u00e3o pagos. Alguns condutores tamb\u00e9m apresentam comprovantes de pagamento, mas a PRF destaca que a fiscaliza\u00e7\u00e3o \u00e9 baseada somente nos documentos.<\/p>\n<p>Al\u00e9m disso, alguns condutores t\u00eam o costume de quitar os d\u00e9bitos poucos dias antes da fiscaliza\u00e7\u00e3o ser iniciada, sem lembrar que a emiss\u00e3o e o envio levam alguns dias, enquanto isso, o motorista n\u00e3o pode rodar com o ve\u00edculo. Para que o documento chegue na casa dos condutores, o endere\u00e7o precisa estar atualizado.<\/p>\n<p>A cobran\u00e7a est\u00e1 valendo para os finais de placa 1, 2 e 3. A partir de 1 de agosto ser\u00e3o cobrados os finais 4, 5 e 6. (G1)<\/p>\n","protected":false},"excerpt":{"rendered":"<p>Documento \u00e9 emitido quando todos os d\u00e9bitos s\u00e3o quitados. Est\u00e3o sendo cobrados finais de placa 1, 2 e 3. 25 ve\u00edculos sem o Certificado de Registro e Licenciamento de Ve\u00edculos 2014 foram apreendidos pela Pol\u00edcia Rodovi\u00e1ria Federal, no Norte de Minas Gerais, nesta segunda-feira (7). O documento \u00e9 de porte obrigat\u00f3rio. Segundo a PRF, os [&hellip;]<\/p>\n","protected":false},"author":1,"featured_media":34291,"comment_status":"open","ping_status":"closed","sticky":false,"template":"","format":"standard","meta":{"amp_status":"","footnotes":""},"categories":[1236],"tags":[10828],"class_list":["post-34290","post","type-post","status-publish","format-standard","has-post-thumbnail","hentry","category-norte_de_minas","tag-prf-apreende-25-veiculos-sem-crlv-nas-rodovias-do-norte-de-minas-gerais"],"_links":{"self":[{"href":"https:\/\/aconteceunovale.com.br\/portal\/index.php?rest_route=\/wp\/v2\/posts\/34290","targetHints":{"allow":["GET"]}}],"collection":[{"href":"https:\/\/aconteceunovale.com.br\/portal\/index.php?rest_route=\/wp\/v2\/posts"}],"about":[{"href":"https:\/\/aconteceunovale.com.br\/portal\/index.php?rest_route=\/wp\/v2\/types\/post"}],"author":[{"embeddable":true,"href":"https:\/\/aconteceunovale.com.br\/portal\/index.php?rest_route=\/wp\/v2\/users\/1"}],"replies":[{"embeddable":true,"href":"https:\/\/aconteceunovale.com.br\/portal\/index.php?rest_route=%2Fwp%2Fv2%2Fcomments&post=34290"}],"version-history":[{"count":0,"href":"https:\/\/aconteceunovale.com.br\/portal\/index.php?rest_route=\/wp\/v2\/posts\/34290\/revisions"}],"wp:featuredmedia":[{"embeddable":true,"href":"https:\/\/aconteceunovale.com.br\/portal\/index.php?rest_route=\/wp\/v2\/media\/34291"}],"wp:attachment":[{"href":"https:\/\/aconteceunovale.com.br\/portal\/index.php?rest_route=%2Fwp%2Fv2%2Fmedia&parent=34290"}],"wp:term":[{"taxonomy":"category","embeddable":true,"href":"https:\/\/aconteceunovale.com.br\/portal\/index.php?rest_route=%2Fwp%2Fv2%2Fcategories&post=34290"},{"taxonomy":"post_tag","embeddable":true,"href":"https:\/\/aconteceunovale.com.br\/portal\/index.php?rest_route=%2Fwp%2Fv2%2Ftags&post=34290"}],"curies":[{"name":"wp","href":"https:\/\/api.w.org\/{rel}","templated":true}]}}