{"id":34287,"date":"2014-07-08T16:28:46","date_gmt":"2014-07-08T19:28:46","guid":{"rendered":"http:\/\/aconteceunovale.com.br\/portal\/?p=34287"},"modified":"2014-07-08T16:28:47","modified_gmt":"2014-07-08T19:28:47","slug":"suspeita-de-matar-taxista-e-apresentada-pela-policia-em-montes-claros","status":"publish","type":"post","link":"https:\/\/aconteceunovale.com.br\/portal\/?p=34287","title":{"rendered":"Suspeita de matar taxista \u00e9 apresentada pela pol\u00edcia em Montes Claros"},"content":{"rendered":"<p>As Pol\u00edcias Civil e Militar de Montes Claros (MG) apresentaram, nesta ter\u00e7a-feira (8), durante uma coletiva de imprensa, Fernanda Souza de \u00c1vila, de 19 anos, suspeita de ter participado do latroc\u00ednio do taxista Henrique Eduardo Silva, de 55 anos, assassinado em 21 de junho deste ano. Um menor de 17 anos tamb\u00e9m foi apreendido pelo crime.<\/p>\n<p>A pol\u00edcia chegou at\u00e9 os suspeitos ap\u00f3s ter informa\u00e7\u00f5es de que o latroc\u00ednio havia sido cometido por um casal. O adolescente foi apreendido no dia 30 de junho, confessou o crime e disse que contou com a ajuda de Fernanda Souza.<\/p>\n<p>A Justi\u00e7a determinou a interna\u00e7\u00e3o do menor por 45 dias, que segundo as investiga\u00e7\u00f5es, pode ter participa\u00e7\u00e3o em pelo menos mais tr\u00eas latroc\u00ednios em outras cidades. Ele morava em Porto Seguro (BA) e h\u00e1 poucos meses se mudou para Montes Claros, onde tem alguns familiares.<\/p>\n<p><img decoding=\"async\" src=\"http:\/\/aconteceunovale.com.br\/portal\/wp-content\/uploads\/2014\/07\/suspeita_matar_taxista.jpg\" alt=\"\" \/><em>Fernanda Souza foi presa em Capit\u00e3o En\u00e9as (Foto: Michelly Oda \/ G1)<\/em><br \/>\n<\/br><\/p>\n<p>Tamb\u00e9m foi expedido um mandado de pris\u00e3o tempor\u00e1ria para Fernanda Souza, que acabou sendo detida em um hotel, em Capit\u00e3o En\u00e9as (MG), no dia 2 de julho, junto com o namorado e outros dois adolescentes. De acordo com as investiga\u00e7\u00f5es, antes de fugir de Montes Claros, eles roubaram uma motocicleta e tentaram cometer um assalto a uma farm\u00e1cia. J\u00e1 na outra cidade, venderam a moto por R$ 700. Segundo a pol\u00edcia, esse dinheiro seria usado para que ela fosse para outro lugar.<\/p>\n<h4><strong>O crime<\/strong><\/h4>\n<p>O tenente \u00c9dson Faustino, da Pol\u00edcia Militar, explica que o taxista foi abordado na Avenida Deputado Esteves Rodrigues, em frente a uma boate. Os envolvidos solicitaram uma corrida, j\u00e1 com o objetivo de cometer o assalto, e acabaram matando Henrique Eduardo da Silva, no Povoado de Gameleiras.<\/p>\n<p>Segundo a investiga\u00e7\u00e3o da Delegacia de Homic\u00eddios, os dois tinham a inten\u00e7\u00e3o de usar o dinheiro do roubo para ir a uma festa. Eles disseram que levaram R$ 75 da v\u00edtima, quantia que foi dividida, R$ 45 para Fernanda e R$ 30 para o menor, que tamb\u00e9m ficou dois celulares.<\/p>\n<p>Ap\u00f3s cometer o crime, o adolescente dirigiu o carro da v\u00edtima at\u00e9 o Bairro Doutor Jo\u00e3o Alves, onde o ve\u00edculo foi abandonado.<\/p>\n<p>O delegado Bruno Rezende afirma que os dois escolheram o taxista por pensarem que ele era mais vulner\u00e1vel. \u201cOs dois usaram uma viol\u00eancia desmedida contra a v\u00edtima, que foi espancada e teve morte por traumatismo craniano. Ap\u00f3s o latroc\u00ednio eles usaram entorpecentes e procuraram ajuda com amigos.\u201d<\/p>\n<p>Ainda de acordo com as investiga\u00e7\u00f5es, no local onde o corpo foi encontrado n\u00e3o havia nenhum objeto que pudesse causar os ferimentos na cabe\u00e7a do taxista. Em rela\u00e7\u00e3o a isso, Fernanda Souza disse que o menor pisou na cabe\u00e7a da v\u00edtima e que n\u00e3o passou com o carro por cima dele, porque ela o impediu.<\/p>\n<p>Em depoimento, a Pol\u00edcia Civil conseguiu apurar tamb\u00e9m que a suspeita tentou enforcar o taxista com um cinto usado por ela, enquanto o adolescente cometia agress\u00f5es contra a v\u00edtima.<\/p>\n<p>Apesar dos dois terem confessado o crime, h\u00e1 uma diverg\u00eancia entre quem teria matado Henrique Eduardo Silva. Por isso, a Pol\u00edcia Civil vai ouvir outras testemunhas para a conclus\u00e3o de laudo complementares.<\/p>\n<p>Laudos devem apontar se o taxista tinha ferimentos causados pela faca que Fernanda Souza levou de casa, com a inten\u00e7\u00e3o de cometer o assalto.<\/p>\n<p>\u201cAp\u00f3s a conclus\u00e3o dos laudos, faremos uma acarea\u00e7\u00e3o, porque h\u00e1 diverg\u00eancias em rela\u00e7\u00e3o \u00e0 viol\u00eancia praticada, j\u00e1 que um joga a culpa da morte para o outro. O certo \u00e9 que houve participa\u00e7\u00e3o efetiva de ambos e n\u00e3o houve nenhuma a\u00e7\u00e3o por parte deles para evitar a morte da v\u00edtima\u201d, diz o delegado de homic\u00eddiosBruno Rezende.<\/p>\n<p>Al\u00e9m de responder por latroc\u00ednio, Fernanda Souza pode ser incriminada por corrup\u00e7\u00e3o de menores, assim como o namorado dela, j\u00e1 que os dois foram encontrados em Capit\u00e3o En\u00e9as com dois adolescentes que estariam colaborando para a fuga.<\/p>\n<p>Durante a coletiva Fernanda Souza disse que conhecia o adolescente que participou do crime e que foi ele quem matou o taxista. Ela tamb\u00e9m afirmou estar arrependida e admitiu que \u00e9 usu\u00e1ria de maconha.<\/p>\n<p>Eles s\u00e3o suspeitos de terem cometido outros assaltos juntos, mas n\u00e3o t\u00eam rela\u00e7\u00e3o com os dois latroc\u00ednios em que policiais militares reformados foram v\u00edtimas. (G1)<\/p>\n","protected":false},"excerpt":{"rendered":"<p>As Pol\u00edcias Civil e Militar de Montes Claros (MG) apresentaram, nesta ter\u00e7a-feira (8), durante uma coletiva de imprensa, Fernanda Souza de \u00c1vila, de 19 anos, suspeita de ter participado do latroc\u00ednio do taxista Henrique Eduardo Silva, de 55 anos, assassinado em 21 de junho deste ano. Um menor de 17 anos tamb\u00e9m foi apreendido pelo [&hellip;]<\/p>\n","protected":false},"author":1,"featured_media":34288,"comment_status":"open","ping_status":"closed","sticky":false,"template":"","format":"standard","meta":{"amp_status":"","footnotes":""},"categories":[1236],"tags":[1429,1018,10825,10824,210,10826,10827,10823],"class_list":["post-34287","post","type-post","status-publish","format-standard","has-post-thumbnail","hentry","category-norte_de_minas","tag-capitao-eneas","tag-destaque","tag-fernanda-souza-de-avila","tag-henrique-eduardo-silva","tag-montes-claros","tag-policia-apresenta-suspeita-de-matar-taxista-em-montes-claros","tag-suspeita-de-matar-taxista-e-apresentada-pela-policia-em-montes-claros","tag-taxista-henrique-eduardo-silva"],"_links":{"self":[{"href":"https:\/\/aconteceunovale.com.br\/portal\/index.php?rest_route=\/wp\/v2\/posts\/34287","targetHints":{"allow":["GET"]}}],"collection":[{"href":"https:\/\/aconteceunovale.com.br\/portal\/index.php?rest_route=\/wp\/v2\/posts"}],"about":[{"href":"https:\/\/aconteceunovale.com.br\/portal\/index.php?rest_route=\/wp\/v2\/types\/post"}],"author":[{"embeddable":true,"href":"https:\/\/aconteceunovale.com.br\/portal\/index.php?rest_route=\/wp\/v2\/users\/1"}],"replies":[{"embeddable":true,"href":"https:\/\/aconteceunovale.com.br\/portal\/index.php?rest_route=%2Fwp%2Fv2%2Fcomments&post=34287"}],"version-history":[{"count":0,"href":"https:\/\/aconteceunovale.com.br\/portal\/index.php?rest_route=\/wp\/v2\/posts\/34287\/revisions"}],"wp:featuredmedia":[{"embeddable":true,"href":"https:\/\/aconteceunovale.com.br\/portal\/index.php?rest_route=\/wp\/v2\/media\/34288"}],"wp:attachment":[{"href":"https:\/\/aconteceunovale.com.br\/portal\/index.php?rest_route=%2Fwp%2Fv2%2Fmedia&parent=34287"}],"wp:term":[{"taxonomy":"category","embeddable":true,"href":"https:\/\/aconteceunovale.com.br\/portal\/index.php?rest_route=%2Fwp%2Fv2%2Fcategories&post=34287"},{"taxonomy":"post_tag","embeddable":true,"href":"https:\/\/aconteceunovale.com.br\/portal\/index.php?rest_route=%2Fwp%2Fv2%2Ftags&post=34287"}],"curies":[{"name":"wp","href":"https:\/\/api.w.org\/{rel}","templated":true}]}}