{"id":34231,"date":"2014-07-07T21:54:25","date_gmt":"2014-07-08T00:54:25","guid":{"rendered":"http:\/\/aconteceunovale.com.br\/portal\/?p=34231"},"modified":"2014-07-07T21:57:46","modified_gmt":"2014-07-08T00:57:46","slug":"adolescente-morre-apos-ficar-gravemente-ferido-em-acidente-envolvendo-dois-veiculos-em-aracuai","status":"publish","type":"post","link":"https:\/\/aconteceunovale.com.br\/portal\/?p=34231","title":{"rendered":"Adolescente morre ap\u00f3s ficar gravemente ferido em acidente envolvendo dois ve\u00edculos em Ara\u00e7ua\u00ed"},"content":{"rendered":"<p>Um acidente envolvendo dois ve\u00edculos provocou a morte de um adolescente de 14 anos na tarde deste domingo, 6 de julho, na LMG-676, pr\u00f3ximo a cidade de Ara\u00e7ua\u00ed, no Vale do Jequitinhonha. <\/p>\n<p>Thiago Al\u00edpio Leal viajava com os pais e dois membros da fam\u00edlia, de Jenipapo de Minas para a cidade de Sete Lagoas, onde reside. <\/p>\n<p>Na altura do km 28 da rodovia, o  ve\u00edculo Gol, dirigido pelo pai dele, foi atingido por um P\u00e1lio que estava na contram\u00e3o. O adolescente viajava no banco traseiro.<\/p>\n<p>De acordo com os policiais, o motorista do P\u00e1lio, o m\u00e9dico, Andr\u00e9 Luiz Passos de Sousa,  39 anos, relatou que seguia de Ara\u00e7ua\u00ed para Berilo, onde reside, quando, ap\u00f3s um cochilo,  invadiu a pista contr\u00e1ria,  provocando o acidente.<\/p>\n<p><img decoding=\"async\" src=\"http:\/\/aconteceunovale.com.br\/portal\/wp-content\/uploads\/2014\/07\/acidente_vitimas_aracuai_jenipapo_6_7.jpg\" alt=\"\" \/><em>Os dois carros ficaram completamente destru\u00eddos &#8211; Foto: Gazeta de Ara\u00e7ua\u00ed<\/em><br \/>\n<\/br><\/p>\n<p>\u201cEle apenas pediu desculpas e falou que cochilou ao volante. Foi tudo muito r\u00e1pido. Ele se chocou na lateral do meu carro. Fui para o lado do barranco, mas ao cair na canaleta, acabei capotando\u201d, disse o caminhoneiro Adelino  Leal de Oliveira, 50 anos, pai do garoto.<\/p>\n<p>Ele ficou sabendo da morte do filho, no hospital S\u00e3o Vicente, em Ara\u00e7ua\u00ed, onde est\u00e1 internado com v\u00e1rios ferimentos na cabe\u00e7a, mas n\u00e3o corre risco de morte.<\/p>\n<p>A mulher dele,  Edna Batista Ribeiro, 38, natural de Jenipapo de Minas, nada sofreu. Ela est\u00e1 em estado de choque, com a morte do filho. \u201cEra o meu ca\u00e7ula\u201d, contou Edna, m\u00e3e de mais dois filhos.<\/p>\n<p>Ela contou que todos estavam em Jenipapo de Minas, revendo familiares, e que retornavam para Sete Lagoas, onde moram, quando o acidente aconteceu.<\/p>\n<p>Os outros familiares de Edna sofreram ferimentos leves e n\u00e3o foram hospitalizados. O m\u00e9dico viajava sozinho e n\u00e3o sofreu ferimentos graves.<\/p>\n<p>O adolescente recebeu os primeiros socorros em Ara\u00e7ua\u00ed, mas foi transferido em uma UTI m\u00f3vel para um hospital em Te\u00f3filo Otoni, no Vale do Mucuri, mas n\u00e3o resistiu aos ferimentos.<\/p>\n<p>Ele ser\u00e1 sepultado em Jenipapo de Minas, onde possui familiares. <em>(Gazeta de Ara\u00e7ua\u00ed)<\/em><\/p>\n","protected":false},"excerpt":{"rendered":"<p>Um acidente envolvendo dois ve\u00edculos provocou a morte de um adolescente de 14 anos na tarde deste domingo, 6 de julho, na LMG-676, pr\u00f3ximo a cidade de Ara\u00e7ua\u00ed, no Vale do Jequitinhonha. Thiago Al\u00edpio Leal viajava com os pais e dois membros da fam\u00edlia, de Jenipapo de Minas para a cidade de Sete Lagoas, onde [&hellip;]<\/p>\n","protected":false},"author":1,"featured_media":34232,"comment_status":"open","ping_status":"closed","sticky":false,"template":"","format":"standard","meta":{"amp_status":"","footnotes":""},"categories":[120],"tags":[10767,10766,10765,10762,10768,10764,186,841,1018,1218,1532,10763],"class_list":["post-34231","post","type-post","status-publish","format-standard","has-post-thumbnail","hentry","category-jequi","tag-acidente-com-familia-de-jenipapo-de-minas","tag-acidente-envolvendo-medico-de-berilo","tag-adelino-leal-de-oliveira","tag-adolescente-morre-apos-ficar-gravemente-ferido-em-acidente-envolvendo-dois-veiculos-em-aracuai","tag-adolescente-morre-apos-ficar-gravemente-ferido-em-acidente-envolvendo-medico-de-berilo","tag-andre-luiz-passos-de-sousa","tag-aracuai","tag-berilo","tag-destaque","tag-jenipapo-de-minas","tag-sete-lagoas","tag-thiago-alipio-leal"],"_links":{"self":[{"href":"https:\/\/aconteceunovale.com.br\/portal\/index.php?rest_route=\/wp\/v2\/posts\/34231","targetHints":{"allow":["GET"]}}],"collection":[{"href":"https:\/\/aconteceunovale.com.br\/portal\/index.php?rest_route=\/wp\/v2\/posts"}],"about":[{"href":"https:\/\/aconteceunovale.com.br\/portal\/index.php?rest_route=\/wp\/v2\/types\/post"}],"author":[{"embeddable":true,"href":"https:\/\/aconteceunovale.com.br\/portal\/index.php?rest_route=\/wp\/v2\/users\/1"}],"replies":[{"embeddable":true,"href":"https:\/\/aconteceunovale.com.br\/portal\/index.php?rest_route=%2Fwp%2Fv2%2Fcomments&post=34231"}],"version-history":[{"count":0,"href":"https:\/\/aconteceunovale.com.br\/portal\/index.php?rest_route=\/wp\/v2\/posts\/34231\/revisions"}],"wp:featuredmedia":[{"embeddable":true,"href":"https:\/\/aconteceunovale.com.br\/portal\/index.php?rest_route=\/wp\/v2\/media\/34232"}],"wp:attachment":[{"href":"https:\/\/aconteceunovale.com.br\/portal\/index.php?rest_route=%2Fwp%2Fv2%2Fmedia&parent=34231"}],"wp:term":[{"taxonomy":"category","embeddable":true,"href":"https:\/\/aconteceunovale.com.br\/portal\/index.php?rest_route=%2Fwp%2Fv2%2Fcategories&post=34231"},{"taxonomy":"post_tag","embeddable":true,"href":"https:\/\/aconteceunovale.com.br\/portal\/index.php?rest_route=%2Fwp%2Fv2%2Ftags&post=34231"}],"curies":[{"name":"wp","href":"https:\/\/api.w.org\/{rel}","templated":true}]}}