{"id":34164,"date":"2014-07-07T14:52:43","date_gmt":"2014-07-07T17:52:43","guid":{"rendered":"http:\/\/aconteceunovale.com.br\/portal\/?p=34164"},"modified":"2014-07-07T14:52:43","modified_gmt":"2014-07-07T17:52:43","slug":"maurilio-arruda-e-transferido-para-a-penitenciaria-em-contagem","status":"publish","type":"post","link":"https:\/\/aconteceunovale.com.br\/portal\/?p=34164","title":{"rendered":"Maur\u00edlio Arruda \u00e9 transferido para a Penitenci\u00e1ria em Contagem"},"content":{"rendered":"<p>A Secretaria de Estado de Defesa Social confirmou nesta segunda-feira (7) que o ex-prefeito de Janu\u00e1ria, Maur\u00edlio Arruda, foi transferido para o Complexo Penitenci\u00e1rio Nelson Hungria, em Contagem, onde o ex-prefeito de Pirapora, Warmillon Braga, tamb\u00e9m cumpre pena desde julho de 2013.<\/p>\n<p>O ex-gestor deveria ficar em preso em Janu\u00e1ria, j\u00e1 que a ordem de pris\u00e3o foi expedida pelo juiz da comarca do munic\u00edpio, mas ele foi transferido para Contagem, por ter direito a uma cela especial, j\u00e1 que \u00e9 advogado.<\/p>\n<p><img decoding=\"async\" src=\"http:\/\/aconteceunovale.com.br\/portal\/wp-content\/uploads\/2014\/06\/maurilio_arruda_preso_novamente.jpg\" alt=\"\" \/><em>Maur\u00edlio Arruda chegou algemado na delegacia da PF (Foto: Reprodu\u00e7\u00e3o \/ Inter TV)<\/em><br \/>\n<\/br><\/p>\n<p>Maur\u00edlio Arruda foi preso na opera\u00e7\u00e3o Exterminadores do Futuro, deflagrada pela Pol\u00edcia Federal no dia 30 de junho. A pris\u00e3o tempor\u00e1ria, de cinco dias, venceu na sexta-feira (4) e foi prorrogada pelo mesmo prazo. Ele j\u00e1 esteve preso em outra ocasi\u00e3o, por conta da opera\u00e7\u00e3o Esopo. <\/p>\n<p>O ex-prefeito \u00e9 investigado por fraudes em licita\u00e7\u00e3o e desvio de verbas p\u00fablicas na constru\u00e7\u00e3o e reformas de 16 escolas. &#8220;Esta opera\u00e7\u00e3o visou coibir o desvio de recursos p\u00fablicos ocorrido em Janu\u00e1ria. Sete processos licitat\u00f3rios foram direcionados para uma empresa, j\u00e1 conhecida do MP e da PF por desviar verbas, e causaram um preju\u00edzo de R$ 579 mil, constatado por meio de laudos\u201d, afirma o delegado Eduardo Maur\u00edcio.<\/p>\n<p>Na mesma opera\u00e7\u00e3o foram presos o ex-secret\u00e1rio de Educa\u00e7\u00e3o, Alexandre de S\u00e1 R\u00eago; Fabiano Dur\u00e3es, empres\u00e1rio, dono de uma construtora; e o engenheiro que prestava servi\u00e7os para a Prefeitura, Pedro Alc\u00e2ntara. Ao todo 23 mandados foram cumpridos.<\/p>\n<p>O promotor Franklin Reginato esclarece que, ap\u00f3s o direcionamento das licita\u00e7\u00f5es, \u201ca empresa garantia a execu\u00e7\u00e3o das obras de constru\u00e7\u00e3o e reformas de escolas, com t\u00edtulos da d\u00edvida p\u00fablica, sem qualquer valor jur\u00eddico.\u201d<\/p>\n<p>Posteriormente, de acordo com o promotor, um engenheiro da empresa atestava a execu\u00e7\u00e3o das obras por meio de falsas medi\u00e7\u00f5es, garantindo o repasse de 100% do recurso. (G1)<\/p>\n","protected":false},"excerpt":{"rendered":"<p>A Secretaria de Estado de Defesa Social confirmou nesta segunda-feira (7) que o ex-prefeito de Janu\u00e1ria, Maur\u00edlio Arruda, foi transferido para o Complexo Penitenci\u00e1rio Nelson Hungria, em Contagem, onde o ex-prefeito de Pirapora, Warmillon Braga, tamb\u00e9m cumpre pena desde julho de 2013. O ex-gestor deveria ficar em preso em Janu\u00e1ria, j\u00e1 que a ordem de [&hellip;]<\/p>\n","protected":false},"author":1,"featured_media":33323,"comment_status":"open","ping_status":"closed","sticky":false,"template":"","format":"standard","meta":{"amp_status":"","footnotes":""},"categories":[1236],"tags":[9903,956,1018,8757,10706,9902,205,8758,10707,9901,2288],"class_list":["post-34164","post","type-post","status-publish","format-standard","has-post-thumbnail","hentry","category-norte_de_minas","tag-alexandre-de-sa-rego","tag-contagem","tag-destaque","tag-ex-prefeito-de-januaria","tag-ex-prefeito-de-pirapora","tag-fabiano-duraes","tag-januaria","tag-maurilio-arruda","tag-maurilio-arruda-e-transferido-para-a-penitenciaria-em-contagem","tag-pedro-alcantara","tag-warmillon-braga"],"_links":{"self":[{"href":"https:\/\/aconteceunovale.com.br\/portal\/index.php?rest_route=\/wp\/v2\/posts\/34164","targetHints":{"allow":["GET"]}}],"collection":[{"href":"https:\/\/aconteceunovale.com.br\/portal\/index.php?rest_route=\/wp\/v2\/posts"}],"about":[{"href":"https:\/\/aconteceunovale.com.br\/portal\/index.php?rest_route=\/wp\/v2\/types\/post"}],"author":[{"embeddable":true,"href":"https:\/\/aconteceunovale.com.br\/portal\/index.php?rest_route=\/wp\/v2\/users\/1"}],"replies":[{"embeddable":true,"href":"https:\/\/aconteceunovale.com.br\/portal\/index.php?rest_route=%2Fwp%2Fv2%2Fcomments&post=34164"}],"version-history":[{"count":0,"href":"https:\/\/aconteceunovale.com.br\/portal\/index.php?rest_route=\/wp\/v2\/posts\/34164\/revisions"}],"wp:featuredmedia":[{"embeddable":true,"href":"https:\/\/aconteceunovale.com.br\/portal\/index.php?rest_route=\/wp\/v2\/media\/33323"}],"wp:attachment":[{"href":"https:\/\/aconteceunovale.com.br\/portal\/index.php?rest_route=%2Fwp%2Fv2%2Fmedia&parent=34164"}],"wp:term":[{"taxonomy":"category","embeddable":true,"href":"https:\/\/aconteceunovale.com.br\/portal\/index.php?rest_route=%2Fwp%2Fv2%2Fcategories&post=34164"},{"taxonomy":"post_tag","embeddable":true,"href":"https:\/\/aconteceunovale.com.br\/portal\/index.php?rest_route=%2Fwp%2Fv2%2Ftags&post=34164"}],"curies":[{"name":"wp","href":"https:\/\/api.w.org\/{rel}","templated":true}]}}