{"id":34132,"date":"2014-07-07T13:53:44","date_gmt":"2014-07-07T16:53:44","guid":{"rendered":"http:\/\/aconteceunovale.com.br\/portal\/?p=34132"},"modified":"2014-07-07T16:19:35","modified_gmt":"2014-07-07T19:19:35","slug":"motorista-morre-em-batida-envolvendo-carro-e-carreta-no-leste-de-minas","status":"publish","type":"post","link":"https:\/\/aconteceunovale.com.br\/portal\/?p=34132","title":{"rendered":"Motorista morre em batida envolvendo carro e carreta no Leste de Minas"},"content":{"rendered":"<p>Um homem de 32 anos morreu em um acidente envolvendo uma carreta e um ve\u00edculo de passeio na manh\u00e3 desta segunda-feira, 7 de julho, na BR-262, em Manhua\u00e7u, no Leste de Minas Gerais. O acidente ocorreu no quil\u00f4metro 58, regi\u00e3o conhecida como Santo Amaro de Minas.<\/p>\n<p>O condutor da carreta, Carlos Ferreira Soares, de 55 anos, afirmou aos militares que seguia no sentido Manhua\u00e7u\/Belo Horizonte. Ao fazer uma curva, se deparou com o Fiat Stilo na contram\u00e3o de dire\u00e7\u00e3o. O condutor tentou frear, mas acabou atingindo de frente o carro.<\/p>\n<p>Com o impacto o Fiat Stilo placas DLA-5761, de S\u00e3o Paulo (SP) capotou e o seu condutor Joel Souza Silva ficou preso \u00e0s ferragens e morreu no local. O cavalo mec\u00e2nico desprendeu-se da carreta placas MTK-6293 de Iconha (ES) e s\u00f3 parou no barranco. O motorista da carreta sofreu ferimentos leves. Ele foi socorrido pelos bombeiros e encaminhado para a Unidade de Pronto-Atendimento (UPA) de Manhua\u00e7u.<\/p>\n<p>Uma das pistas ficou interditada para o trabalho da per\u00edcia. O impacto da batida foi t\u00e3o forte que o motor do carro foi arremessado no asfalto.<\/p>\n<p><strong>GALERIA DE FOTOS:<\/strong><br \/>\n<em>(Fotos: Jailton Pereira \/ Portal Capara\u00f3)<\/em><\/p>\n<p><img decoding=\"async\" src=\"http:\/\/aconteceunovale.com.br\/portal\/wp-content\/uploads\/2014\/07\/acidente_santo_amaro_minas_7_7_1.jpg\" alt=\"\" \/><br \/>\n<div id='gallery-1' class='gallery galleryid-34132 gallery-columns-4 gallery-size-thumbnail'><figure class='gallery-item'>\n\t\t\t<div class='gallery-icon landscape'>\n\t\t\t\t<a href='https:\/\/aconteceunovale.com.br\/portal\/wp-content\/uploads\/2014\/07\/acidente_santo_amaro_minas_7_7_8.jpg'><img loading=\"lazy\" decoding=\"async\" width=\"150\" height=\"150\" src=\"https:\/\/aconteceunovale.com.br\/portal\/wp-content\/uploads\/2014\/07\/acidente_santo_amaro_minas_7_7_8-150x150.jpg\" class=\"attachment-thumbnail size-thumbnail\" alt=\"\" \/><\/a>\n\t\t\t<\/div><\/figure><figure class='gallery-item'>\n\t\t\t<div class='gallery-icon landscape'>\n\t\t\t\t<a href='https:\/\/aconteceunovale.com.br\/portal\/wp-content\/uploads\/2014\/07\/acidente_santo_amaro_minas_7_7_9.jpg'><img loading=\"lazy\" decoding=\"async\" width=\"150\" height=\"150\" src=\"https:\/\/aconteceunovale.com.br\/portal\/wp-content\/uploads\/2014\/07\/acidente_santo_amaro_minas_7_7_9-150x150.jpg\" class=\"attachment-thumbnail size-thumbnail\" alt=\"\" \/><\/a>\n\t\t\t<\/div><\/figure><figure class='gallery-item'>\n\t\t\t<div class='gallery-icon landscape'>\n\t\t\t\t<a href='https:\/\/aconteceunovale.com.br\/portal\/wp-content\/uploads\/2014\/07\/acidente_santo_amaro_minas_7_7_7.jpg'><img loading=\"lazy\" decoding=\"async\" width=\"150\" height=\"150\" src=\"https:\/\/aconteceunovale.com.br\/portal\/wp-content\/uploads\/2014\/07\/acidente_santo_amaro_minas_7_7_7-150x150.jpg\" class=\"attachment-thumbnail size-thumbnail\" alt=\"\" \/><\/a>\n\t\t\t<\/div><\/figure><figure class='gallery-item'>\n\t\t\t<div class='gallery-icon landscape'>\n\t\t\t\t<a href='https:\/\/aconteceunovale.com.br\/portal\/wp-content\/uploads\/2014\/07\/acidente_santo_amaro_minas_7_7_6.jpg'><img loading=\"lazy\" decoding=\"async\" width=\"150\" height=\"150\" src=\"https:\/\/aconteceunovale.com.br\/portal\/wp-content\/uploads\/2014\/07\/acidente_santo_amaro_minas_7_7_6-150x150.jpg\" class=\"attachment-thumbnail size-thumbnail\" alt=\"\" \/><\/a>\n\t\t\t<\/div><\/figure><figure class='gallery-item'>\n\t\t\t<div class='gallery-icon landscape'>\n\t\t\t\t<a href='https:\/\/aconteceunovale.com.br\/portal\/wp-content\/uploads\/2014\/07\/acidente_santo_amaro_minas_7_7_5.jpg'><img loading=\"lazy\" decoding=\"async\" width=\"150\" height=\"150\" src=\"https:\/\/aconteceunovale.com.br\/portal\/wp-content\/uploads\/2014\/07\/acidente_santo_amaro_minas_7_7_5-150x150.jpg\" class=\"attachment-thumbnail size-thumbnail\" alt=\"\" \/><\/a>\n\t\t\t<\/div><\/figure><figure class='gallery-item'>\n\t\t\t<div class='gallery-icon landscape'>\n\t\t\t\t<a href='https:\/\/aconteceunovale.com.br\/portal\/wp-content\/uploads\/2014\/07\/acidente_santo_amaro_minas_7_7_4.jpg'><img loading=\"lazy\" decoding=\"async\" width=\"150\" height=\"150\" src=\"https:\/\/aconteceunovale.com.br\/portal\/wp-content\/uploads\/2014\/07\/acidente_santo_amaro_minas_7_7_4-150x150.jpg\" class=\"attachment-thumbnail size-thumbnail\" alt=\"\" \/><\/a>\n\t\t\t<\/div><\/figure><figure class='gallery-item'>\n\t\t\t<div class='gallery-icon landscape'>\n\t\t\t\t<a href='https:\/\/aconteceunovale.com.br\/portal\/wp-content\/uploads\/2014\/07\/acidente_santo_amaro_minas_7_7_3.jpg'><img loading=\"lazy\" decoding=\"async\" width=\"150\" height=\"150\" src=\"https:\/\/aconteceunovale.com.br\/portal\/wp-content\/uploads\/2014\/07\/acidente_santo_amaro_minas_7_7_3-150x150.jpg\" class=\"attachment-thumbnail size-thumbnail\" alt=\"\" \/><\/a>\n\t\t\t<\/div><\/figure><figure class='gallery-item'>\n\t\t\t<div class='gallery-icon landscape'>\n\t\t\t\t<a href='https:\/\/aconteceunovale.com.br\/portal\/wp-content\/uploads\/2014\/07\/acidente_santo_amaro_minas_7_7_2.jpg'><img loading=\"lazy\" decoding=\"async\" width=\"150\" height=\"150\" src=\"https:\/\/aconteceunovale.com.br\/portal\/wp-content\/uploads\/2014\/07\/acidente_santo_amaro_minas_7_7_2-150x150.jpg\" class=\"attachment-thumbnail size-thumbnail\" alt=\"\" \/><\/a>\n\t\t\t<\/div><\/figure>\n\t\t<\/div>\n<\/p>\n<p><em>(Aconteceu no Vale \/ Estado de Minas)<\/em><\/p>\n","protected":false},"excerpt":{"rendered":"<p>Um homem de 32 anos morreu em um acidente envolvendo uma carreta e um ve\u00edculo de passeio na manh\u00e3 desta segunda-feira, 7 de julho, na BR-262, em Manhua\u00e7u, no Leste de Minas Gerais. O acidente ocorreu no quil\u00f4metro 58, regi\u00e3o conhecida como Santo Amaro de Minas. O condutor da carreta, Carlos Ferreira Soares, de 55 [&hellip;]<\/p>\n","protected":false},"author":1,"featured_media":34181,"comment_status":"open","ping_status":"closed","sticky":false,"template":"","format":"standard","meta":{"amp_status":"","footnotes":""},"categories":[121],"tags":[10699,10712,10717,10695,10694,10696,10697,1018,10698,10713,10714,10711,10693,10692,10691,10715,10716],"class_list":["post-34132","post","type-post","status-publish","format-standard","has-post-thumbnail","hentry","category-leste","tag-acidente-com-fiat-stilo-placas-dla-5761","tag-acidente-com-joel-souza-silva","tag-acidente-em-santo-amaro-de-minas","tag-acidente-entre-carro-e-carreta-em-manhuacu","tag-acidente-entre-carro-e-carreta-em-santo-amaro-manhuacu","tag-carlos-ferreira-soares","tag-carreta-placas-mtk-6293-de-iconha","tag-destaque","tag-fiat-stilo-placas-dla-5761","tag-fotos-do-acidente-com-joel-souza-silva","tag-informacoes-do-acidente-com-joel-souza-silva","tag-joel-souza-silva","tag-motorista-morre-em-batida-envolvendo-carro-e-carreta-em-manhuacu","tag-motorista-morre-em-batida-envolvendo-carro-e-carreta-em-santo-amaro","tag-motorista-morre-em-batida-envolvendo-carro-e-carreta-no-leste-de-minas","tag-noticias-do-acidente-com-joel-souza-silva","tag-santo-amaro-de-minas"],"_links":{"self":[{"href":"https:\/\/aconteceunovale.com.br\/portal\/index.php?rest_route=\/wp\/v2\/posts\/34132","targetHints":{"allow":["GET"]}}],"collection":[{"href":"https:\/\/aconteceunovale.com.br\/portal\/index.php?rest_route=\/wp\/v2\/posts"}],"about":[{"href":"https:\/\/aconteceunovale.com.br\/portal\/index.php?rest_route=\/wp\/v2\/types\/post"}],"author":[{"embeddable":true,"href":"https:\/\/aconteceunovale.com.br\/portal\/index.php?rest_route=\/wp\/v2\/users\/1"}],"replies":[{"embeddable":true,"href":"https:\/\/aconteceunovale.com.br\/portal\/index.php?rest_route=%2Fwp%2Fv2%2Fcomments&post=34132"}],"version-history":[{"count":0,"href":"https:\/\/aconteceunovale.com.br\/portal\/index.php?rest_route=\/wp\/v2\/posts\/34132\/revisions"}],"wp:featuredmedia":[{"embeddable":true,"href":"https:\/\/aconteceunovale.com.br\/portal\/index.php?rest_route=\/wp\/v2\/media\/34181"}],"wp:attachment":[{"href":"https:\/\/aconteceunovale.com.br\/portal\/index.php?rest_route=%2Fwp%2Fv2%2Fmedia&parent=34132"}],"wp:term":[{"taxonomy":"category","embeddable":true,"href":"https:\/\/aconteceunovale.com.br\/portal\/index.php?rest_route=%2Fwp%2Fv2%2Fcategories&post=34132"},{"taxonomy":"post_tag","embeddable":true,"href":"https:\/\/aconteceunovale.com.br\/portal\/index.php?rest_route=%2Fwp%2Fv2%2Ftags&post=34132"}],"curies":[{"name":"wp","href":"https:\/\/api.w.org\/{rel}","templated":true}]}}