{"id":34089,"date":"2014-07-07T09:56:37","date_gmt":"2014-07-07T12:56:37","guid":{"rendered":"http:\/\/aconteceunovale.com.br\/portal\/?p=34089"},"modified":"2014-07-07T09:56:37","modified_gmt":"2014-07-07T12:56:37","slug":"quadrilha-que-explodiu-caixas-eletronicos-no-norte-de-minas-planejava-invadir-pelotao-da-policia-militar","status":"publish","type":"post","link":"https:\/\/aconteceunovale.com.br\/portal\/?p=34089","title":{"rendered":"Quadrilha que explodiu caixas eletr\u00f4nicos no Norte de Minas planejava invadir pelot\u00e3o da Pol\u00edcia Militar"},"content":{"rendered":"<p>O grupo criminoso fortemente armado que foi cercado e trocou tiros com policiais militares e civis, depois de explodir um caixa eletr\u00f4nico de uma ag\u00eancia do Banco do Brasil em Varzel\u00e2ndia (Norte de Minas), na madrugada do \u00faltimo s\u00e1bado, planejava tamb\u00e9m invadir ao pelot\u00e3o da Pol\u00edcia Militar na cidade, que tem 19,2 mil habitantes, distante 590 quil\u00f4metros de Belo Horizonte. \u00c9 o que revela relat\u00f3rio dos setores de intelig\u00eancia das policias Civil e Militar, que, h\u00e1 algum tempo, vinham monitorando a quadrilha.<\/p>\n<p>No confronto em Varzel\u00e2ndia, <a href=\"http:\/\/aconteceunovale.com.br\/portal\/?p=33938\" target=\"_blank\">quatro assaltantes foram baleados e dois deles morreram<\/a>. Nenhum policial foi atingido e, mesmo que o caixa eletr\u00f4nico tenha sido explodido, n\u00e3o foi levado nenhum valor do banco. Ao todo, oito pessoas foram presas e levadas para a Cadeia P\u00fablica de Janu\u00e1ria.<\/p>\n<p>Entre os presos est\u00e1 o l\u00edder da quadrilha, Giscartt Humberto Esteves Silveira, que \u00e9 natural de Ja\u00edba. Ele n\u00e3o participou diretamente da a\u00e7\u00e3o em Varzel\u00e2ndia e dava as instru\u00e7\u00f5es para o restante do bando, por meio de um telefone celular. Escutas telef\u00f4nicas autorizadas pela justi\u00e7a revelam o di\u00e1logo entre Giscartt e um integrante do grupo criminoso, N\u00e9lio Ferreira de Souza, no qual o l\u00edder dar o \u201cok\u201d para o comparsa, dando a ordem para explos\u00e3o do caixa eletronico na cidade vizinha.<\/p>\n<p><strong>LEIA MAIS [+]<\/strong><br \/>\n&#8211; <a href=\"http:\/\/aconteceunovale.com.br\/portal\/?p=33938\" target=\"_blank\">Bandidos s\u00e3o mortos em troca de tiros com a pol\u00edcia ap\u00f3s explodirem caixa eletr\u00f4nico em Varzel\u00e2ndia<\/a><br \/>\n&#8211; <a href=\"http:\/\/aconteceunovale.com.br\/portal\/?p=33938\" target=\"_blank\">Opera\u00e7\u00e3o conjunta det\u00e9m quadrilha respons\u00e1vel por explos\u00e3o de caixas eletr\u00f4nicos no Norte de Minas<\/a><\/p>\n<p>Giscartt e N\u00e9lio foram presos juntamente com outro comparsa, Leandro Soares dos Santos, o Bigode, na manh\u00e3 de s\u00e1bado, em Ja\u00edba. O trio foi detido ao tentar escapar em taxi, dirigido por Fagner Aguiar de Souza, que tamb\u00e9m foi preso. O taxi foi cercado pela pol\u00edcia ao atravessar ponte sobre o Rio Verde Grande.<\/p>\n<p>Conforme as investiga\u00e7oes, a quadrilha j\u00e1 cometeu ataques a caixas eletr\u00f4nicos em v\u00e1rios munic\u00edpios do Norte do estado. H\u00e1 algum tempo, o bando vinha sendo monitorada pelas policias Militar e Civil, que, a partir do servi\u00e7o de intelig\u00eancia, tomaram conhecimento pr\u00e9vio da a\u00e7\u00e3o em Varzel\u00e2ndia e surpreenderam os bandidos na porta da ag\u00eancia do BB, logo depois da explos\u00e3o do caixa eletr\u00f4nico, por volta das 3h30min da madrugada de s\u00e1bado. O bando foi cercado e come\u00e7ou a disparar contra os policiais, que revidaram.<\/p>\n<p>Foram mortos no confronto os integrantes do grupo criminoso Felipe Farias Bittencourt, o Gordinho &#8211; considerado de alta periculosidade, que era j\u00e1 era conhecido nos meios policiais em Montes Claros, onde tentou matar um PM e \u2013 e Jos\u00e9 Paulo da Silva. Foram baleados Tiago Neres Alves (alvejado no t\u00f2rax) e Rodrigo Gouvea da Cunha, atingindo em uma das pernas. Eles foram socorridos e levados para o Hospital Municipal de Brasilia de Minas (80 quilometros de Varzel\u00e2ndia) onde continuam internado, sob escolta policial.<\/p>\n<p>Em Varzel\u00e2ndia foram presos ainda Jos\u00e9 Francisco Farias de Souza (detido numa casa no bairro Bom Jesus) e o guarda municipal Joseph Rafael Pereira da Silva. Foram apreendidos o armamento (uma espingarda calibre 12, uma pistola .40 e dois revolveres calibre 38), farta muni\u00e7\u00e3o, toucas ninja e 10 celulares encontrados em poder dos criminosos. Tamb\u00e9m foram apreendidos os ve\u00edculos usados pela quadrilha: dois Gols, um Voyage e tr\u00eas motos.<\/p>\n<p><em>(Estado de Minas)<\/em><\/p>\n","protected":false},"excerpt":{"rendered":"<p>O grupo criminoso fortemente armado que foi cercado e trocou tiros com policiais militares e civis, depois de explodir um caixa eletr\u00f4nico de uma ag\u00eancia do Banco do Brasil em Varzel\u00e2ndia (Norte de Minas), na madrugada do \u00faltimo s\u00e1bado, planejava tamb\u00e9m invadir ao pelot\u00e3o da Pol\u00edcia Militar na cidade, que tem 19,2 mil habitantes, distante [&hellip;]<\/p>\n","protected":false},"author":1,"featured_media":33967,"comment_status":"open","ping_status":"closed","sticky":false,"template":"","format":"standard","meta":{"amp_status":"","footnotes":""},"categories":[1236],"tags":[10512,10513,10425,10424,10510,195,10514,1018,10515,10505,10625,10467,10465,10466,10464,10516,10622,1058,205,10627,10506,10507,10511,10624,10623,10518,10517,10468,10628,10508,2448,10509,10626,1713],"class_list":["post-34089","post","type-post","status-publish","format-standard","has-post-thumbnail","hentry","category-norte_de_minas","tag-alessandro-maxwell-pereira-da-silva","tag-alexsandro-santos-silva","tag-bandidos-sao-mortos-em-troca-de-tiros-com-a-policia-apos-explodirem-caixa-eletronico-em-varzelandia","tag-bandidos-sao-mortos-em-troca-de-tiros-com-a-policia-apos-explodirem-caixa-eletronico-no-norte-de-minas","tag-brasilia-de-mina","tag-brasilia-de-minas","tag-bruno-conrado-neves-da-silva","tag-destaque","tag-fagner-aguiar-de-souza","tag-felipe-farias-bitencourt","tag-felipe-farias-bittencourt","tag-fotos-dos-assaltantes-do-banco-em-varzelandia","tag-fotos-dos-bandidos-mortos-durante-assalto-a-banco-em-varzelandia","tag-fotos-dos-bandidos-mortos-durante-assalto-a-banco-no-norte-de-minas","tag-fotos-dos-bandidos-mortos-em-varzelandia-durante-assalto-a-banco","tag-giscarte-humberto-esteves-silveira","tag-giscartt-humberto-esteves-silveira","tag-jaiba","tag-januaria","tag-jose-francisco-farias-de-souza","tag-jose-paulo-da-silva","tag-jose-rodrigues-farias-de-souza","tag-joseph-rafael-pereira-da-silva","tag-leandro-soares-dos-santos","tag-nelio-ferreira-de-souza","tag-operacao-conjunta-detem-quadrilha-de-roubo-a-caixas-eletronicos-em-varzelandia","tag-operacao-conjunta-detem-quadrilha-de-roubo-a-caixas-eletronicos-no-norte-de-minas","tag-quadrilha-de-janauba-assalta-banco-em-varzelandia","tag-quadrilha-que-explodiu-caixas-eletronicos-no-norte-de-minas-planejava-invadir-pelotao-da-policia-militar","tag-rodrigo-gouvea-da-cunha","tag-sao-joao-da-ponte","tag-thiago-neris-alves","tag-tiago-neres-alves","tag-varzelandia"],"_links":{"self":[{"href":"https:\/\/aconteceunovale.com.br\/portal\/index.php?rest_route=\/wp\/v2\/posts\/34089","targetHints":{"allow":["GET"]}}],"collection":[{"href":"https:\/\/aconteceunovale.com.br\/portal\/index.php?rest_route=\/wp\/v2\/posts"}],"about":[{"href":"https:\/\/aconteceunovale.com.br\/portal\/index.php?rest_route=\/wp\/v2\/types\/post"}],"author":[{"embeddable":true,"href":"https:\/\/aconteceunovale.com.br\/portal\/index.php?rest_route=\/wp\/v2\/users\/1"}],"replies":[{"embeddable":true,"href":"https:\/\/aconteceunovale.com.br\/portal\/index.php?rest_route=%2Fwp%2Fv2%2Fcomments&post=34089"}],"version-history":[{"count":0,"href":"https:\/\/aconteceunovale.com.br\/portal\/index.php?rest_route=\/wp\/v2\/posts\/34089\/revisions"}],"wp:featuredmedia":[{"embeddable":true,"href":"https:\/\/aconteceunovale.com.br\/portal\/index.php?rest_route=\/wp\/v2\/media\/33967"}],"wp:attachment":[{"href":"https:\/\/aconteceunovale.com.br\/portal\/index.php?rest_route=%2Fwp%2Fv2%2Fmedia&parent=34089"}],"wp:term":[{"taxonomy":"category","embeddable":true,"href":"https:\/\/aconteceunovale.com.br\/portal\/index.php?rest_route=%2Fwp%2Fv2%2Fcategories&post=34089"},{"taxonomy":"post_tag","embeddable":true,"href":"https:\/\/aconteceunovale.com.br\/portal\/index.php?rest_route=%2Fwp%2Fv2%2Ftags&post=34089"}],"curies":[{"name":"wp","href":"https:\/\/api.w.org\/{rel}","templated":true}]}}