{"id":34081,"date":"2014-07-07T00:14:51","date_gmt":"2014-07-07T03:14:51","guid":{"rendered":"http:\/\/aconteceunovale.com.br\/portal\/?p=34081"},"modified":"2014-07-07T11:14:40","modified_gmt":"2014-07-07T14:14:40","slug":"tres-pessoas-morrem-em-acidente-envolvendo-caminhoes-e-carro-na-br-135-em-corinto","status":"publish","type":"post","link":"https:\/\/aconteceunovale.com.br\/portal\/?p=34081","title":{"rendered":"Tr\u00eas pessoas morrem em acidente envolvendo caminh\u00f5es e carro na BR-135, em Corinto"},"content":{"rendered":"<p>Tr\u00eas pessoas morreram em um grave acidente na noite deste domingo, 6 de julho, no quil\u00f4metro 573 da BR-135, em Corinto, na regi\u00e3o Central do Estado. As v\u00edtimas fatais foram identificadas como Jo\u00e3o Lucas, 22 anos, Darlan Pedro, 27 e Kaike C\u00e9sar, 21. Os tr\u00eas s\u00e3o moradores do Barreiro em Sete Lagoas.<\/p>\n<p>Segundo o Corpo de Bombeiros, o motorista do carro, de Sete Lagoas (MG), no qual todas as v\u00edtimas estavam, tentou fazer uma ultrapassagem e, quando estava na contram\u00e3o, bateu na lateral de uma carreta. A manobra \u00e9 permitida no local.<\/p>\n<p><img decoding=\"async\" src=\"http:\/\/aconteceunovale.com.br\/portal\/wp-content\/uploads\/2014\/07\/acidente_corinto_sete_lagoas_2.jpg\" alt=\"\" \/><em>Darlan Pedro, Kaike C\u00e9sar e Jo\u00e3o Lucas, v\u00edtimas fatais do acidente &#8211; Foto: Divulga\u00e7\u00e3o<\/em><br \/>\n<\/br><\/p>\n<p>O condutor do caminh\u00e3o, carregado de carv\u00e3o, com placa de Turmalina (MG), tentou desviar e tombou na pista. Em seguida, outra carreta, de Santa Catarina, carregada com 30 toneladas de arroz, saiu da pista ao tentar desviar do acidente.<\/p>\n<p>Ainda conforme os Bombeiros, um passageiro do carro, de 18 anos, foi socorrido por terceiros e levado para um hospital de Corinto. Em seguida, devido \u00e0 gravidade dos ferimentos, foi levado para uma unidade de sa\u00fade de Curvelo, na mesma regi\u00e3o. Os motoristas das carretas n\u00e3o ficaram feridos.<\/p>\n<p>A carga de carv\u00e3o ficou espalhada na estrada, e dificulta a libera\u00e7\u00e3o do tr\u00e1fego. A PRF informou que a rodovia permaneceu interditada durante toda a noite e dever\u00e1 ser liberada na manh\u00e3 desta segunda.<\/p>\n<p>A op\u00e7\u00e3o de rota sentido Belo Horizonte\/Montes Claros: Antes de Corinto pegar a MG-496 sentido Pirapora, depois segue pela BR-365 at\u00e9 Montes Claros e Vice-versa para quem segue de Montes Claros para Belo Horizonte.<\/p>\n<p><img decoding=\"async\" src=\"http:\/\/aconteceunovale.com.br\/portal\/wp-content\/uploads\/2014\/07\/acidente_corinto_sete_lagoas_1.jpg\" alt=\"\" \/><em>Ve\u00edculo em as v\u00edtimas estavam ficou destru\u00eddo &#8211; Foto: PRF<\/em><\/p>\n","protected":false},"excerpt":{"rendered":"<p>Tr\u00eas pessoas morreram em um grave acidente na noite deste domingo, 6 de julho, no quil\u00f4metro 573 da BR-135, em Corinto, na regi\u00e3o Central do Estado. As v\u00edtimas fatais foram identificadas como Jo\u00e3o Lucas, 22 anos, Darlan Pedro, 27 e Kaike C\u00e9sar, 21. Os tr\u00eas s\u00e3o moradores do Barreiro em Sete Lagoas. Segundo o Corpo [&hellip;]<\/p>\n","protected":false},"author":1,"featured_media":34101,"comment_status":"open","ping_status":"closed","sticky":false,"template":"","format":"standard","meta":{"amp_status":"","footnotes":""},"categories":[123],"tags":[10635,10614,10615,10650,10649,10636,10618,194,1534,10647,1018,10616,10637,10638,10641,10640,10639,10642,10643,10651,10652,10617,10648,10644,10645,10646,210,1532,10613,10612,178],"class_list":["post-34081","post","type-post","status-publish","format-standard","has-post-thumbnail","hentry","category-gerais","tag-acidente-com-caminhao-de-carvao-de-turmalina","tag-acidente-com-caminhoes-de-carvao-em-corinto","tag-acidente-com-caminhoes-em-corinto","tag-acidente-com-jovens-de-sete-lagoas-em-corinto","tag-acidente-com-jovens-de-sete-lagoas-na-br-135","tag-acidente-envolvendo-caminhao-de-turmalina-deixa-tres-vitimas-fatais-em-corinto","tag-batida-entre-caminhoes-de-carvao-e-carro-deixa-tres-vitimas-fatais-em-corinto","tag-belo-horizonte","tag-corinto","tag-darlan-pedro","tag-destaque","tag-foto-do-acidente-com-caminhoes-de-carvao-em-corinto","tag-fotos-do-acidente-com-caminhao-de-turmalina-em-corinto","tag-fotos-do-acidente-com-carro-de-sete-lagoas-em-corinto","tag-fotos-do-acidente-com-darlan-pedro-de-sete-lagoas","tag-fotos-do-acidente-com-joao-lucas-de-sete-lagoas","tag-fotos-do-acidente-com-jovens-do-barreiro-em-sete-lagoas","tag-fotos-do-acidente-com-kaik-cesar-de-sete-lagoas","tag-fotos-do-acidente-com-moradores-de-sete-lagoas-em-corinto","tag-fotos-do-acidente-em-corinto","tag-fotos-do-acidente-na-br-135","tag-informacoes-sobre-o-acidente-com-caminhoes-de-carvao-em-corinto","tag-joao-lucas","tag-jovens-de-sete-lagoas-morrem-em-acidente-quando-retornavam-de-festa-em-curvelo","tag-jovens-de-sete-lagoas-morrem-em-tragedia-ao-voltar-de-festa","tag-kaike-cesar","tag-montes-claros","tag-sete-lagoas","tag-tres-pessoas-morrem-em-acidente-envolvendo-caminhoes-e-carro-em-corinto","tag-tres-pessoas-morrem-em-acidente-envolvendo-caminhoes-e-carro-na-br-135","tag-turmalina"],"_links":{"self":[{"href":"https:\/\/aconteceunovale.com.br\/portal\/index.php?rest_route=\/wp\/v2\/posts\/34081","targetHints":{"allow":["GET"]}}],"collection":[{"href":"https:\/\/aconteceunovale.com.br\/portal\/index.php?rest_route=\/wp\/v2\/posts"}],"about":[{"href":"https:\/\/aconteceunovale.com.br\/portal\/index.php?rest_route=\/wp\/v2\/types\/post"}],"author":[{"embeddable":true,"href":"https:\/\/aconteceunovale.com.br\/portal\/index.php?rest_route=\/wp\/v2\/users\/1"}],"replies":[{"embeddable":true,"href":"https:\/\/aconteceunovale.com.br\/portal\/index.php?rest_route=%2Fwp%2Fv2%2Fcomments&post=34081"}],"version-history":[{"count":0,"href":"https:\/\/aconteceunovale.com.br\/portal\/index.php?rest_route=\/wp\/v2\/posts\/34081\/revisions"}],"wp:featuredmedia":[{"embeddable":true,"href":"https:\/\/aconteceunovale.com.br\/portal\/index.php?rest_route=\/wp\/v2\/media\/34101"}],"wp:attachment":[{"href":"https:\/\/aconteceunovale.com.br\/portal\/index.php?rest_route=%2Fwp%2Fv2%2Fmedia&parent=34081"}],"wp:term":[{"taxonomy":"category","embeddable":true,"href":"https:\/\/aconteceunovale.com.br\/portal\/index.php?rest_route=%2Fwp%2Fv2%2Fcategories&post=34081"},{"taxonomy":"post_tag","embeddable":true,"href":"https:\/\/aconteceunovale.com.br\/portal\/index.php?rest_route=%2Fwp%2Fv2%2Ftags&post=34081"}],"curies":[{"name":"wp","href":"https:\/\/api.w.org\/{rel}","templated":true}]}}