{"id":33829,"date":"2014-07-04T09:45:51","date_gmt":"2014-07-04T12:45:51","guid":{"rendered":"http:\/\/aconteceunovale.com.br\/portal\/?p=33829"},"modified":"2014-07-04T09:48:21","modified_gmt":"2014-07-04T12:48:21","slug":"equipe-de-resgate-retira-carro-esmagado-por-viaduto-apos-14-horas-de-trabalho","status":"publish","type":"post","link":"https:\/\/aconteceunovale.com.br\/portal\/?p=33829","title":{"rendered":"Equipe de resgate retira carro esmagado por viaduto ap\u00f3s 14 horas de trabalho"},"content":{"rendered":"<p>Ap\u00f3s mais de 15 horas de trabalho, a equipe de resgate conseguiu retirar o carro esmagado, um Uno, do viaduto na Avenida Pedro I. Dentro dele estava o corpo de Charles Frederico Moreira do Nascimento, de 25 anos. Ele foi reconhecido pelo pai e pelos amigos, que estavam no local, mas, abalados, n\u00e3o conversaram com a imprensa.<\/p>\n<p>O resgate foi dif\u00edcil e demandou v\u00e1rias t\u00e9cnicas at\u00e9 que o carro fosse finalmente retirado, o que aconteceu por volta das 4h40 desta sexta-feira (4). Depois que seis macacos hidr\u00e1ulicos n\u00e3o foram suficientes para elevar o viaduto, os bombeiros optaram por quebrar o asfalto da via e, com aux\u00edlio de muita \u00e1gua, conseguiram retirar o carro com uma t\u00e9cnica conhecida como remo\u00e7\u00e3o hidr\u00e1ulica.<\/p>\n<p><img decoding=\"async\" src=\"http:\/\/aconteceunovale.com.br\/portal\/wp-content\/uploads\/2014\/07\/carro_retirado_viaduto_bh.jpg\" alt=\"\" \/><em>(Ve\u00edculo foi retirado dos escombros &#8211; Marcos Vieira \/ Estado de Minas)<\/em><br \/>\n<\/br><\/p>\n<h4><strong>Motorista do micro-\u00f4nibus ser\u00e1 sepultada nesta sexta<\/strong><\/h4>\n<p>A motorista de micro-\u00f4nibus Hanna Cristina dos Santos, de 24 anos, que morreu enquanto trabalhava, devido a queda de um viaduto em constru\u00e7\u00e3o da avenida Pedro I, ser\u00e1 enterrada \u00e0s 17h desta sexta-feira (4), no cemit\u00e9rio Bosque da Esperan\u00e7a, em Venda Nova.<\/p>\n<p>Hanna deixa uma filha de cinco anos, que estava dentro do micro-\u00f4nibus da linha S70 (trajeto Conjunto Felicidade &#8211; Shopping Del Rey), no momento que o ve\u00edculo foi atingido pela estrutura. Ela foi socorrida e levada para o Hospital Risoleta Tolentino Neves, em Venda Nova.<\/p>\n<p>A crian\u00e7a foi medicada e passa por observa\u00e7\u00e3o. De acordo com o pai da crian\u00e7a, que manteve o relacionamento com Hanna por tr\u00eas anos e preferiu se identificar apenas como Anderson, a filha dever\u00e1 receber alta na manh\u00e3 desta sexta.<\/p>\n<p><img decoding=\"async\" src=\"http:\/\/aconteceunovale.com.br\/portal\/wp-content\/uploads\/2014\/07\/hanna_acidente_bh.jpg\" alt=\"\" \/><em>(Motorista do micro-\u00f4nibus n\u00e3o resistiu aos ferimentos e morreu &#8211; Foto: Reprodu\u00e7\u00e3o \/ Facebook)<\/em><br \/>\n<\/br><\/p>\n<p><strong><em>(Fonte: O Tempo)<\/em><\/strong><\/p>\n","protected":false},"excerpt":{"rendered":"<p>Ap\u00f3s mais de 15 horas de trabalho, a equipe de resgate conseguiu retirar o carro esmagado, um Uno, do viaduto na Avenida Pedro I. Dentro dele estava o corpo de Charles Frederico Moreira do Nascimento, de 25 anos. Ele foi reconhecido pelo pai e pelos amigos, que estavam no local, mas, abalados, n\u00e3o conversaram com [&hellip;]<\/p>\n","protected":false},"author":1,"featured_media":33830,"comment_status":"open","ping_status":"closed","sticky":false,"template":"","format":"standard","meta":{"amp_status":"","footnotes":""},"categories":[123],"tags":[194,10212,10208,10210,1018,10209,10174,10211],"class_list":["post-33829","post","type-post","status-publish","format-standard","has-post-thumbnail","hentry","category-gerais","tag-belo-horizonte","tag-bombeiros-retiram-carro-dos-escombros-do-viaduto-da-pedro-i-e-resgatam-corpo-de-motorista","tag-carro-esmagado-por-viaduto-e-retirado-com-uma-vitima-em-belo-horizonte","tag-charles-frederico-moreira-do-nascimento","tag-destaque","tag-equipe-de-resgate-retira-carro-esmagado-por-viaduto-apos-14-horas-de-trabalho","tag-hanna-cristina-dos-santos","tag-motorista-do-micro-onibus-sera-sepultada-nesta-sexta"],"_links":{"self":[{"href":"https:\/\/aconteceunovale.com.br\/portal\/index.php?rest_route=\/wp\/v2\/posts\/33829","targetHints":{"allow":["GET"]}}],"collection":[{"href":"https:\/\/aconteceunovale.com.br\/portal\/index.php?rest_route=\/wp\/v2\/posts"}],"about":[{"href":"https:\/\/aconteceunovale.com.br\/portal\/index.php?rest_route=\/wp\/v2\/types\/post"}],"author":[{"embeddable":true,"href":"https:\/\/aconteceunovale.com.br\/portal\/index.php?rest_route=\/wp\/v2\/users\/1"}],"replies":[{"embeddable":true,"href":"https:\/\/aconteceunovale.com.br\/portal\/index.php?rest_route=%2Fwp%2Fv2%2Fcomments&post=33829"}],"version-history":[{"count":0,"href":"https:\/\/aconteceunovale.com.br\/portal\/index.php?rest_route=\/wp\/v2\/posts\/33829\/revisions"}],"wp:featuredmedia":[{"embeddable":true,"href":"https:\/\/aconteceunovale.com.br\/portal\/index.php?rest_route=\/wp\/v2\/media\/33830"}],"wp:attachment":[{"href":"https:\/\/aconteceunovale.com.br\/portal\/index.php?rest_route=%2Fwp%2Fv2%2Fmedia&parent=33829"}],"wp:term":[{"taxonomy":"category","embeddable":true,"href":"https:\/\/aconteceunovale.com.br\/portal\/index.php?rest_route=%2Fwp%2Fv2%2Fcategories&post=33829"},{"taxonomy":"post_tag","embeddable":true,"href":"https:\/\/aconteceunovale.com.br\/portal\/index.php?rest_route=%2Fwp%2Fv2%2Ftags&post=33829"}],"curies":[{"name":"wp","href":"https:\/\/api.w.org\/{rel}","templated":true}]}}