{"id":33817,"date":"2014-07-04T00:08:18","date_gmt":"2014-07-04T03:08:18","guid":{"rendered":"http:\/\/aconteceunovale.com.br\/portal\/?p=33817"},"modified":"2014-07-04T21:23:10","modified_gmt":"2014-07-05T00:23:10","slug":"motociclista-bate-na-traseira-de-carreta-e-morre-em-governador-valadares","status":"publish","type":"post","link":"https:\/\/aconteceunovale.com.br\/portal\/?p=33817","title":{"rendered":"Motociclista bate na traseira de carreta e morre em Governador Valadares"},"content":{"rendered":"<p>Um motociclista de 43 anos morreu na noite desta quinta-feira, 3 de julho, na BR-116, em Governador Valadares\/MG. O acidente foi registrado pr\u00f3ximo ao Mirante Hotel, no Bairro Vila Rica.<\/p>\n<p>O condutor MARCELO RIBEIRO GUSM\u00c3O, que segundo informa\u00e7\u00f5es trabalhava de Mototaxista, bateu na traseira de uma carreta que estava parada e morreu no local.<\/p>\n<p>Testemunhas relataram que a v\u00edtima transitava pela rodovia quando aparentemente perdeu o controle direcional da motocicleta e bateu na carreta, que estava parada em frente a um hotel.<\/p>\n<p>O m\u00e9dico do SAMU constatou o \u00f3bito da v\u00edtima, que apresentava trauma facial, traumatismo craniano e exposi\u00e7\u00e3o de massa encef\u00e1lica. Ap\u00f3s os procedimentos de praxe, o corpo foi removido do local e encaminhado ao Posto de Per\u00edcia Integrada (PPI)  para os procedimentos de praxe.<\/p>\n<p><img decoding=\"async\" src=\"http:\/\/aconteceunovale.com.br\/portal\/wp-content\/uploads\/2014\/07\/mototaxista_morre_gv_carreta_3_7_1.jpg\" alt=\"\" \/><em>(Foto: Tico Correria \/ Caso de Pol\u00edcia \/ Reprodu\u00e7\u00e3o Facebook)<\/em><br \/>\n<\/br><\/p>\n<p><img decoding=\"async\" src=\"http:\/\/aconteceunovale.com.br\/portal\/wp-content\/uploads\/2014\/07\/mototaxista_morre_gv_carreta_3_7_2.jpg\" alt=\"\" \/><em>(Foto: Roberto Higino \/ Caso de Pol\u00edcia \/ Reprodu\u00e7\u00e3o Facebook)<\/em><br \/>\n<\/br><\/p>\n<p><img decoding=\"async\" src=\"http:\/\/aconteceunovale.com.br\/portal\/wp-content\/uploads\/2014\/07\/mototaxista_morre_gv_carreta_3_7_3.jpg\" alt=\"\" \/><em>(Foto: Tico Correria \/ Caso de Pol\u00edcia \/ Reprodu\u00e7\u00e3o Facebook)<\/em><\/p>\n","protected":false},"excerpt":{"rendered":"<p>Um motociclista de 43 anos morreu na noite desta quinta-feira, 3 de julho, na BR-116, em Governador Valadares\/MG. O acidente foi registrado pr\u00f3ximo ao Mirante Hotel, no Bairro Vila Rica. O condutor MARCELO RIBEIRO GUSM\u00c3O, que segundo informa\u00e7\u00f5es trabalhava de Mototaxista, bateu na traseira de uma carreta que estava parada e morreu no local. Testemunhas [&hellip;]<\/p>\n","protected":false},"author":1,"featured_media":33818,"comment_status":"open","ping_status":"closed","sticky":false,"template":"","format":"standard","meta":{"amp_status":"","footnotes":""},"categories":[121],"tags":[1018,10205,10206,247,10204,10201,10203,10202],"class_list":["post-33817","post","type-post","status-publish","format-standard","has-post-thumbnail","hentry","category-leste","tag-destaque","tag-fotos-do-acidente-com-marcelo-ribeiro-gusmao","tag-fotos-do-acidente-com-mototaxista-em-frente-ao-mirante-hotel","tag-governador-valadares","tag-marcelo-ribeiro-gusmao","tag-motociclista-bate-na-traseira-de-carreta-e-morre-em-governador-valadares","tag-mototaxista-morre-em-acidente-em-governador-valadares","tag-nome-do-motociclista-que-bateu-em-carreta-em-governador-valadares"],"_links":{"self":[{"href":"https:\/\/aconteceunovale.com.br\/portal\/index.php?rest_route=\/wp\/v2\/posts\/33817","targetHints":{"allow":["GET"]}}],"collection":[{"href":"https:\/\/aconteceunovale.com.br\/portal\/index.php?rest_route=\/wp\/v2\/posts"}],"about":[{"href":"https:\/\/aconteceunovale.com.br\/portal\/index.php?rest_route=\/wp\/v2\/types\/post"}],"author":[{"embeddable":true,"href":"https:\/\/aconteceunovale.com.br\/portal\/index.php?rest_route=\/wp\/v2\/users\/1"}],"replies":[{"embeddable":true,"href":"https:\/\/aconteceunovale.com.br\/portal\/index.php?rest_route=%2Fwp%2Fv2%2Fcomments&post=33817"}],"version-history":[{"count":0,"href":"https:\/\/aconteceunovale.com.br\/portal\/index.php?rest_route=\/wp\/v2\/posts\/33817\/revisions"}],"wp:featuredmedia":[{"embeddable":true,"href":"https:\/\/aconteceunovale.com.br\/portal\/index.php?rest_route=\/wp\/v2\/media\/33818"}],"wp:attachment":[{"href":"https:\/\/aconteceunovale.com.br\/portal\/index.php?rest_route=%2Fwp%2Fv2%2Fmedia&parent=33817"}],"wp:term":[{"taxonomy":"category","embeddable":true,"href":"https:\/\/aconteceunovale.com.br\/portal\/index.php?rest_route=%2Fwp%2Fv2%2Fcategories&post=33817"},{"taxonomy":"post_tag","embeddable":true,"href":"https:\/\/aconteceunovale.com.br\/portal\/index.php?rest_route=%2Fwp%2Fv2%2Ftags&post=33817"}],"curies":[{"name":"wp","href":"https:\/\/api.w.org\/{rel}","templated":true}]}}