{"id":33803,"date":"2014-07-03T21:58:18","date_gmt":"2014-07-04T00:58:18","guid":{"rendered":"http:\/\/aconteceunovale.com.br\/portal\/?p=33803"},"modified":"2014-07-03T21:58:18","modified_gmt":"2014-07-04T00:58:18","slug":"nivel-baixo-do-rio-sao-francisco-impede-travessia-de-balsa-no-norte-de-minas","status":"publish","type":"post","link":"https:\/\/aconteceunovale.com.br\/portal\/?p=33803","title":{"rendered":"N\u00edvel baixo do Rio S\u00e3o Francisco impede travessia de balsa no Norte de Minas"},"content":{"rendered":"<p>O n\u00edvel baixo de \u00e1gua no Rio S\u00e3o Francisco provocou mudan\u00e7as no funcionamento da balsa que faz a travessia na cidade de S\u00e3o Francisco, Norte de Minas Gerais. O transporte ser\u00e1 encerrado \u00e0s 20h desta quinta-feira (3)  e s\u00f3 retorna ap\u00f3s ser feito um canal para retirar os bancos de areia.<\/p>\n<p>\u201cA Marinha determinou que o servi\u00e7o n\u00e3o tem condi\u00e7\u00f5es de continuar da forma que est\u00e1. Por isso ser\u00e1 interrompido\u201d, afirma o gerente da balsa, Joviano Rodrigues Neto.<\/p>\n<p>Na manh\u00e3 desta quinta-feira (3), o servi\u00e7o ficou paralisado por causa dos bancos de areia formados no interior do rio. \u201cAqui est\u00e1 muito complicado. Tem mais de 50 anos que moro aqui e nunca vi uma situa\u00e7\u00e3o parecida. Tem verdadeiras ilhas que impedem a passagem da balsa\u201d, afirma o presidente do Conselho Municipal de Meio Ambiente, Jo\u00e3o Naves.<\/p>\n<p>A preocupa\u00e7\u00e3o aumenta, segundo o presidente, devido \u00e0 import\u00e2ncia da balsa para a liga\u00e7\u00e3o entre S\u00e3o Francisco e cidades como Pint\u00f3polis e Urucuia. \u201cEste \u00e9 o meio mais r\u00e1pido. Caso contr\u00e1rio, temos que ir a Pirapora ou Janu\u00e1ria. Se chegar uma ambul\u00e2ncia com paciente em estado grave complica ainda mais\u201d, afirma.<\/p>\n<p><img decoding=\"async\" src=\"http:\/\/aconteceunovale.com.br\/portal\/wp-content\/uploads\/2014\/07\/travessia_interditada_baixo_nivel_sao_francisco_norte_minas.jpg\" alt=\"\" \/><em>(Foto: Jornal o Barranqueiro \/ Informa\u00e7\u00f5es: G1)<\/em><\/p>\n","protected":false},"excerpt":{"rendered":"<p>O n\u00edvel baixo de \u00e1gua no Rio S\u00e3o Francisco provocou mudan\u00e7as no funcionamento da balsa que faz a travessia na cidade de S\u00e3o Francisco, Norte de Minas Gerais. O transporte ser\u00e1 encerrado \u00e0s 20h desta quinta-feira (3) e s\u00f3 retorna ap\u00f3s ser feito um canal para retirar os bancos de areia. \u201cA Marinha determinou que [&hellip;]<\/p>\n","protected":false},"author":1,"featured_media":33804,"comment_status":"open","ping_status":"closed","sticky":false,"template":"","format":"standard","meta":{"amp_status":"","footnotes":""},"categories":[1236],"tags":[205,10190,1710,254,1522,1813],"class_list":["post-33803","post","type-post","status-publish","format-standard","has-post-thumbnail","hentry","category-norte_de_minas","tag-januaria","tag-nivel-baixo-do-rio-sao-francisco-impede-travessia-de-balsa-no-norte-de-minas","tag-pintopolis","tag-pirapora","tag-sao-francisco","tag-urucuia"],"_links":{"self":[{"href":"https:\/\/aconteceunovale.com.br\/portal\/index.php?rest_route=\/wp\/v2\/posts\/33803","targetHints":{"allow":["GET"]}}],"collection":[{"href":"https:\/\/aconteceunovale.com.br\/portal\/index.php?rest_route=\/wp\/v2\/posts"}],"about":[{"href":"https:\/\/aconteceunovale.com.br\/portal\/index.php?rest_route=\/wp\/v2\/types\/post"}],"author":[{"embeddable":true,"href":"https:\/\/aconteceunovale.com.br\/portal\/index.php?rest_route=\/wp\/v2\/users\/1"}],"replies":[{"embeddable":true,"href":"https:\/\/aconteceunovale.com.br\/portal\/index.php?rest_route=%2Fwp%2Fv2%2Fcomments&post=33803"}],"version-history":[{"count":0,"href":"https:\/\/aconteceunovale.com.br\/portal\/index.php?rest_route=\/wp\/v2\/posts\/33803\/revisions"}],"wp:featuredmedia":[{"embeddable":true,"href":"https:\/\/aconteceunovale.com.br\/portal\/index.php?rest_route=\/wp\/v2\/media\/33804"}],"wp:attachment":[{"href":"https:\/\/aconteceunovale.com.br\/portal\/index.php?rest_route=%2Fwp%2Fv2%2Fmedia&parent=33803"}],"wp:term":[{"taxonomy":"category","embeddable":true,"href":"https:\/\/aconteceunovale.com.br\/portal\/index.php?rest_route=%2Fwp%2Fv2%2Fcategories&post=33803"},{"taxonomy":"post_tag","embeddable":true,"href":"https:\/\/aconteceunovale.com.br\/portal\/index.php?rest_route=%2Fwp%2Fv2%2Ftags&post=33803"}],"curies":[{"name":"wp","href":"https:\/\/api.w.org\/{rel}","templated":true}]}}