{"id":33740,"date":"2014-07-03T18:40:10","date_gmt":"2014-07-03T21:40:10","guid":{"rendered":"http:\/\/aconteceunovale.com.br\/portal\/?p=33740"},"modified":"2014-07-03T18:40:10","modified_gmt":"2014-07-03T21:40:10","slug":"ex-prefeito-de-bocaiuva-e-outros-cinco-sao-indiciados-por-fraudes-em-licitacao","status":"publish","type":"post","link":"https:\/\/aconteceunovale.com.br\/portal\/?p=33740","title":{"rendered":"Ex-prefeito de Bocai\u00fava e outros cinco s\u00e3o indiciados por fraudes em licita\u00e7\u00e3o"},"content":{"rendered":"<p>Foi conclu\u00eddo pela Pol\u00edcia Civil (PC) o inqu\u00e9rito que indicia seis pessoas, entre elas um m\u00e9dico e ex-prefeito da cidade de Bocai\u00fava, no Norte de Minas Gerais, por fraude na licita\u00e7\u00e3o de constru\u00e7\u00e3o de uma escola no munic\u00edpio. Alberto Eust\u00e1quio Caldeira Melo, de 58 anos, teria fraudado o processo licitat\u00f3rio da obra da Escola Municipal Terezinha de Jesus Duarte, mais conhecida como Escola S\u00e3o Jos\u00e9 Oper\u00e1rio, em refer\u00eancia \u00e0 pra\u00e7a onde est\u00e1 localizada. <\/p>\n<p>A investiga\u00e7\u00e3o foi realizada pela delegada Karen de Paulo Lopes, do N\u00facleo de Combate a Crimes Praticados por Agentes P\u00fablicos Municipais com Foro de Prerrogativa de Fun\u00e7\u00f5es. Al\u00e9m do ex-prefeito, foram indiciados o ex-secret\u00e1rio Municipal de Fazenda e Finan\u00e7as, Eduardo Drumond Menezes, de 64 anos; o engenheiro da Prefeitura de Bocai\u00fava, Jos\u00e9 M\u00e1rcio Vieira Dias, de 61; os empres\u00e1rios Evandro Leite Garcia, de 53, e Maria das Gra\u00e7as Leite Garcia, de 50, que s\u00e3o donos da Construtora Norte Vale; al\u00e9m de Luiz Eduardo Fonseca Motas, de 63, que agia como lobista, intermediando o contato entre a empresa vencedora e a prefeitura.<\/p>\n<p>Ainda segundo a PC, a delegada Karen afirmou que o inqu\u00e9rito se baseou no laudo pericial realizado pelo Instituto de Criminal\u00edstica acerca do procedimento licitat\u00f3rio e da execu\u00e7\u00e3o da obra da escola. Ficou comprovado o superfaturamento na Planilha B\u00e1sica de materiais e constatado que alguns servi\u00e7os pagos nem sequer haviam sido executados pela empresa.<\/p>\n<p>Durante os trabalhos investigativos, os policiais chegaram a ouvir a maioria dos indiciados, sendo que somente o ex-prefeito n\u00e3o prestou depoimento, por n\u00e3o ter sido localizado. Outros servidores municipais tamb\u00e9m contribu\u00edram com a investiga\u00e7\u00e3o. <\/p>\n<h4><strong>Indiciados<\/strong><\/h4>\n<p>Ainda conforme as informa\u00e7\u00f5es divulgadas pela PC, o ex-prefeito, o ex-secret\u00e1rio e o engenheiro Jos\u00e9 M\u00e1rcio foram indiciados por conceder vantagem ilegal em favor da empresa respons\u00e1vel pela obra e tamb\u00e9m por desviarem verbas p\u00fablicas. J\u00e1 o lobista Luiz Eduardo e os empres\u00e1rios Evandro e Maria das Gra\u00e7as foram indiciados por terem concorrido comprovadamente para a obten\u00e7\u00e3o da vantagem ilegal e por desvio de verbas p\u00fablicas.<\/p>\n<p>O casal de empres\u00e1rios j\u00e1 se encontrava preso em Montes Claros, por conta de envolvimento em outros processos licitat\u00f3rios fraudulentos na regi\u00e3o. As investiga\u00e7\u00f5es tiveram in\u00edcio ap\u00f3s a realiza\u00e7\u00e3o da Opera\u00e7\u00e3o M\u00e1scara da Sanidade, deflagrada pela Pol\u00edcia Federal, em dezembro de 2012, que apreendeu mais de 200 procedimentos licitat\u00f3rios de prefeituras do Norte de Minas devido ao ind\u00edcio de irregularidades. A Pol\u00edcia Civil assumiu o inqu\u00e9rito em julho de 2013, por se tratarem de verbas p\u00fablicas municipais e estaduais. <\/p>\n<p><em>(O Tempo)<\/em><\/p>\n","protected":false},"excerpt":{"rendered":"<p>Foi conclu\u00eddo pela Pol\u00edcia Civil (PC) o inqu\u00e9rito que indicia seis pessoas, entre elas um m\u00e9dico e ex-prefeito da cidade de Bocai\u00fava, no Norte de Minas Gerais, por fraude na licita\u00e7\u00e3o de constru\u00e7\u00e3o de uma escola no munic\u00edpio. Alberto Eust\u00e1quio Caldeira Melo, de 58 anos, teria fraudado o processo licitat\u00f3rio da obra da Escola Municipal [&hellip;]<\/p>\n","protected":false},"author":1,"featured_media":21635,"comment_status":"open","ping_status":"closed","sticky":false,"template":"","format":"standard","meta":{"amp_status":"","footnotes":""},"categories":[1236],"tags":[10151,645,10152,10154,10157,10153,10156,10155,210],"class_list":["post-33740","post","type-post","status-publish","format-standard","has-post-thumbnail","hentry","category-norte_de_minas","tag-alberto-eustaquio-caldeira-melo","tag-bocaiuva","tag-eduardo-drumond-menezes","tag-evandro-leite-garcia","tag-ex-prefeito-de-bocaiuva-e-outros-cinco-sao-indiciados-por-fraudes-em-licitacao","tag-jose-marcio-vieira-dias","tag-luiz-eduardo-fonseca-motas","tag-maria-das-gracas-leite-garcia","tag-montes-claros"],"_links":{"self":[{"href":"https:\/\/aconteceunovale.com.br\/portal\/index.php?rest_route=\/wp\/v2\/posts\/33740","targetHints":{"allow":["GET"]}}],"collection":[{"href":"https:\/\/aconteceunovale.com.br\/portal\/index.php?rest_route=\/wp\/v2\/posts"}],"about":[{"href":"https:\/\/aconteceunovale.com.br\/portal\/index.php?rest_route=\/wp\/v2\/types\/post"}],"author":[{"embeddable":true,"href":"https:\/\/aconteceunovale.com.br\/portal\/index.php?rest_route=\/wp\/v2\/users\/1"}],"replies":[{"embeddable":true,"href":"https:\/\/aconteceunovale.com.br\/portal\/index.php?rest_route=%2Fwp%2Fv2%2Fcomments&post=33740"}],"version-history":[{"count":0,"href":"https:\/\/aconteceunovale.com.br\/portal\/index.php?rest_route=\/wp\/v2\/posts\/33740\/revisions"}],"wp:featuredmedia":[{"embeddable":true,"href":"https:\/\/aconteceunovale.com.br\/portal\/index.php?rest_route=\/wp\/v2\/media\/21635"}],"wp:attachment":[{"href":"https:\/\/aconteceunovale.com.br\/portal\/index.php?rest_route=%2Fwp%2Fv2%2Fmedia&parent=33740"}],"wp:term":[{"taxonomy":"category","embeddable":true,"href":"https:\/\/aconteceunovale.com.br\/portal\/index.php?rest_route=%2Fwp%2Fv2%2Fcategories&post=33740"},{"taxonomy":"post_tag","embeddable":true,"href":"https:\/\/aconteceunovale.com.br\/portal\/index.php?rest_route=%2Fwp%2Fv2%2Ftags&post=33740"}],"curies":[{"name":"wp","href":"https:\/\/api.w.org\/{rel}","templated":true}]}}