{"id":33737,"date":"2014-07-03T18:09:36","date_gmt":"2014-07-03T21:09:36","guid":{"rendered":"http:\/\/aconteceunovale.com.br\/portal\/?p=33737"},"modified":"2014-07-04T15:02:47","modified_gmt":"2014-07-04T18:02:47","slug":"acidente-entre-carro-e-carreta-deixa-dois-mortos-em-padre-paraiso","status":"publish","type":"post","link":"https:\/\/aconteceunovale.com.br\/portal\/?p=33737","title":{"rendered":"Acidente entre carro e carreta deixa dois mortos em Padre Para\u00edso"},"content":{"rendered":"<p>Duas pessoas morreram em um grave acidente na tarde desta quinta-feira, 3 de julho, na BR-116, pr\u00f3ximo a Padre Para\u00edso, no Vale do Jequitinhonha.<\/p>\n<p>De acordo com informa\u00e7\u00f5es, a colis\u00e3o entre um Fox de cor vermelha, placa EUF-3562 de S\u00e3o Paulo\/SP e uma carreta deixou duas v\u00edtimas presas \u00e0s ferragens. Everaldo Pereira do Nascimento, de 35 anos, e F\u00e1bio Vieira da Silva, de 27, n\u00e3o resistiram aos ferimentos e morreram no local.<\/p>\n<p>Segundo relatos de uma testemunha do ocorrido, o ve\u00edculo Fox teria invadido a pista contr\u00e1ria e batido de frente com a carreta. O motorista da carreta ainda teria tentado evitar a colis\u00e3o. <\/p>\n<p>A carreta com placas MVA-2042 de Itaquaquecetuba\/SP estava carregada de eucalipto. Ap\u00f3s a batida a carga ficou espalhada \u00e0s margens da pista.<\/p>\n<p>A Pol\u00edcia Rodovi\u00e1ria Federal investiga as causas do acidente. <\/p>\n<p><strong>GALERIA DE FOTOS:<\/strong><br \/>\n<em>(Fotos: Glaysson Dias \/ Aconteceu no Vale)<\/em><\/p>\n<p><img decoding=\"async\" src=\"http:\/\/aconteceunovale.com.br\/portal\/wp-content\/uploads\/2014\/07\/116_3_7_acidente_1.jpg\" alt=\"\" \/><br \/>\n<div id='gallery-1' class='gallery galleryid-33737 gallery-columns-4 gallery-size-thumbnail'><figure class='gallery-item'>\n\t\t\t<div class='gallery-icon landscape'>\n\t\t\t\t<a href='https:\/\/aconteceunovale.com.br\/portal\/wp-content\/uploads\/2014\/07\/116_3_7_acidente_8.jpg'><img loading=\"lazy\" decoding=\"async\" width=\"150\" height=\"150\" src=\"https:\/\/aconteceunovale.com.br\/portal\/wp-content\/uploads\/2014\/07\/116_3_7_acidente_8-150x150.jpg\" class=\"attachment-thumbnail size-thumbnail\" alt=\"\" \/><\/a>\n\t\t\t<\/div><\/figure><figure class='gallery-item'>\n\t\t\t<div class='gallery-icon landscape'>\n\t\t\t\t<a href='https:\/\/aconteceunovale.com.br\/portal\/wp-content\/uploads\/2014\/07\/116_3_7_acidente_7.jpg'><img loading=\"lazy\" decoding=\"async\" width=\"150\" height=\"150\" src=\"https:\/\/aconteceunovale.com.br\/portal\/wp-content\/uploads\/2014\/07\/116_3_7_acidente_7-150x150.jpg\" class=\"attachment-thumbnail size-thumbnail\" alt=\"\" \/><\/a>\n\t\t\t<\/div><\/figure><figure class='gallery-item'>\n\t\t\t<div class='gallery-icon landscape'>\n\t\t\t\t<a href='https:\/\/aconteceunovale.com.br\/portal\/wp-content\/uploads\/2014\/07\/116_3_7_acidente_6.jpg'><img loading=\"lazy\" decoding=\"async\" width=\"150\" height=\"150\" src=\"https:\/\/aconteceunovale.com.br\/portal\/wp-content\/uploads\/2014\/07\/116_3_7_acidente_6-150x150.jpg\" class=\"attachment-thumbnail size-thumbnail\" alt=\"\" \/><\/a>\n\t\t\t<\/div><\/figure><figure class='gallery-item'>\n\t\t\t<div class='gallery-icon portrait'>\n\t\t\t\t<a href='https:\/\/aconteceunovale.com.br\/portal\/wp-content\/uploads\/2014\/07\/116_3_7_acidente_5.jpg'><img loading=\"lazy\" decoding=\"async\" width=\"150\" height=\"150\" src=\"https:\/\/aconteceunovale.com.br\/portal\/wp-content\/uploads\/2014\/07\/116_3_7_acidente_5-150x150.jpg\" class=\"attachment-thumbnail size-thumbnail\" alt=\"\" \/><\/a>\n\t\t\t<\/div><\/figure><figure class='gallery-item'>\n\t\t\t<div class='gallery-icon landscape'>\n\t\t\t\t<a href='https:\/\/aconteceunovale.com.br\/portal\/wp-content\/uploads\/2014\/07\/116_3_7_acidente_4.jpg'><img loading=\"lazy\" decoding=\"async\" width=\"150\" height=\"150\" src=\"https:\/\/aconteceunovale.com.br\/portal\/wp-content\/uploads\/2014\/07\/116_3_7_acidente_4-150x150.jpg\" class=\"attachment-thumbnail size-thumbnail\" alt=\"\" \/><\/a>\n\t\t\t<\/div><\/figure><figure class='gallery-item'>\n\t\t\t<div class='gallery-icon landscape'>\n\t\t\t\t<a href='https:\/\/aconteceunovale.com.br\/portal\/wp-content\/uploads\/2014\/07\/116_3_7_acidente_3.jpg'><img loading=\"lazy\" decoding=\"async\" width=\"150\" height=\"150\" src=\"https:\/\/aconteceunovale.com.br\/portal\/wp-content\/uploads\/2014\/07\/116_3_7_acidente_3-150x150.jpg\" class=\"attachment-thumbnail size-thumbnail\" alt=\"\" \/><\/a>\n\t\t\t<\/div><\/figure><figure class='gallery-item'>\n\t\t\t<div class='gallery-icon portrait'>\n\t\t\t\t<a href='https:\/\/aconteceunovale.com.br\/portal\/wp-content\/uploads\/2014\/07\/116_3_7_acidente_2.jpg'><img loading=\"lazy\" decoding=\"async\" width=\"150\" height=\"150\" src=\"https:\/\/aconteceunovale.com.br\/portal\/wp-content\/uploads\/2014\/07\/116_3_7_acidente_2-150x150.jpg\" class=\"attachment-thumbnail size-thumbnail\" alt=\"\" \/><\/a>\n\t\t\t<\/div><\/figure><figure class='gallery-item'>\n\t\t\t<div class='gallery-icon landscape'>\n\t\t\t\t<a href='https:\/\/aconteceunovale.com.br\/portal\/wp-content\/uploads\/2014\/07\/116_3_7_acidente_1.jpg'><img loading=\"lazy\" decoding=\"async\" width=\"150\" height=\"150\" src=\"https:\/\/aconteceunovale.com.br\/portal\/wp-content\/uploads\/2014\/07\/116_3_7_acidente_1-150x150.jpg\" class=\"attachment-thumbnail size-thumbnail\" alt=\"\" \/><\/a>\n\t\t\t<\/div><\/figure>\n\t\t<\/div>\n<\/p>\n","protected":false},"excerpt":{"rendered":"<p>Duas pessoas morreram em um grave acidente na tarde desta quinta-feira, 3 de julho, na BR-116, pr\u00f3ximo a Padre Para\u00edso, no Vale do Jequitinhonha. De acordo com informa\u00e7\u00f5es, a colis\u00e3o entre um Fox de cor vermelha, placa EUF-3562 de S\u00e3o Paulo\/SP e uma carreta deixou duas v\u00edtimas presas \u00e0s ferragens. Everaldo Pereira do Nascimento, de [&hellip;]<\/p>\n","protected":false},"author":1,"featured_media":33779,"comment_status":"open","ping_status":"closed","sticky":false,"template":"","format":"standard","meta":{"amp_status":"","footnotes":""},"categories":[120],"tags":[10180,10246,10247,10149,10150,10178,10179,10147,10148,1018,10244,10245,10248,10181,572],"class_list":["post-33737","post","type-post","status-publish","format-standard","has-post-thumbnail","hentry","category-jequi","tag-acidente-com-carreta-placa-mva-2042-de-itaquaquecetuba","tag-acidente-com-everaldo-pereira-do-nascimento-em-minas-gerais","tag-acidente-com-fabio-vieira-da-silva-em-minas-gerais","tag-acidente-com-fox-vermelho-em-padre-paraiso","tag-acidente-com-fox-vermelho-na-br-116","tag-acidente-com-veiculo-fox-placa-euf-3562","tag-acidente-com-veiculo-fox-placa-euf-3562-de-sao-paulo","tag-acidente-entre-carro-e-carreta-deixa-dois-mortos-em-padre-paraiso","tag-acidente-entre-carro-e-carreta-deixa-dois-mortos-na-br-116","tag-destaque","tag-everaldo-pereira-do-nascimento","tag-fabio-vieira-da-silva","tag-iml-identifica-vitimas-do-acidente-entre-carro-e-carreta-na-br-116-proximo-a-padre-paraiso","tag-itaquaquecetuba","tag-padre-paraiso"],"_links":{"self":[{"href":"https:\/\/aconteceunovale.com.br\/portal\/index.php?rest_route=\/wp\/v2\/posts\/33737","targetHints":{"allow":["GET"]}}],"collection":[{"href":"https:\/\/aconteceunovale.com.br\/portal\/index.php?rest_route=\/wp\/v2\/posts"}],"about":[{"href":"https:\/\/aconteceunovale.com.br\/portal\/index.php?rest_route=\/wp\/v2\/types\/post"}],"author":[{"embeddable":true,"href":"https:\/\/aconteceunovale.com.br\/portal\/index.php?rest_route=\/wp\/v2\/users\/1"}],"replies":[{"embeddable":true,"href":"https:\/\/aconteceunovale.com.br\/portal\/index.php?rest_route=%2Fwp%2Fv2%2Fcomments&post=33737"}],"version-history":[{"count":0,"href":"https:\/\/aconteceunovale.com.br\/portal\/index.php?rest_route=\/wp\/v2\/posts\/33737\/revisions"}],"wp:featuredmedia":[{"embeddable":true,"href":"https:\/\/aconteceunovale.com.br\/portal\/index.php?rest_route=\/wp\/v2\/media\/33779"}],"wp:attachment":[{"href":"https:\/\/aconteceunovale.com.br\/portal\/index.php?rest_route=%2Fwp%2Fv2%2Fmedia&parent=33737"}],"wp:term":[{"taxonomy":"category","embeddable":true,"href":"https:\/\/aconteceunovale.com.br\/portal\/index.php?rest_route=%2Fwp%2Fv2%2Fcategories&post=33737"},{"taxonomy":"post_tag","embeddable":true,"href":"https:\/\/aconteceunovale.com.br\/portal\/index.php?rest_route=%2Fwp%2Fv2%2Ftags&post=33737"}],"curies":[{"name":"wp","href":"https:\/\/api.w.org\/{rel}","templated":true}]}}