{"id":33733,"date":"2014-07-03T17:54:10","date_gmt":"2014-07-03T20:54:10","guid":{"rendered":"http:\/\/aconteceunovale.com.br\/portal\/?p=33733"},"modified":"2014-07-03T17:54:54","modified_gmt":"2014-07-03T20:54:54","slug":"comissao-de-direitos-humanos-vai-ao-serro-discutir-atentados","status":"publish","type":"post","link":"https:\/\/aconteceunovale.com.br\/portal\/?p=33733","title":{"rendered":"Comiss\u00e3o de Direitos Humanos vai ao Serro discutir atentados"},"content":{"rendered":"<h4><strong>V\u00edtimas alegam que estariam sofrendo persegui\u00e7\u00e3o por defesa de causas ambientais. Visita e reuni\u00e3o acontecem no dia 10.<\/strong><\/h4>\n<p>A Comiss\u00e3o de Direitos Humanos da Assembleia Legislativa de Minas Gerais (ALMG) vai ao distrito de Milho Verde, no munic\u00edpio de Serro (Regi\u00e3o Central), na quinta-feira (10\/7\/14), para visita e audi\u00eancia p\u00fablica. A visita, marcada para \u00e0s 11h30, ser\u00e1 feita \u00e0 resid\u00eancia de Paulo S\u00e9rgio Torres, com a finalidade de obter esclarecimentos sobre supostos atentados sofridos.<\/p>\n<p>Logo em seguida, ao meio-dia, a comiss\u00e3o promover\u00e1 uma reuni\u00e3o para debater atentados que tamb\u00e9m teriam ocorrido contra a vida de Luiz Fernando Ferreira Leite, defensor do patrim\u00f4nio natural da regi\u00e3o. A audi\u00eancia p\u00fablica ser\u00e1 na sede da Associa\u00e7\u00e3o Cultural e Comunit\u00e1ria de Milho Verde (Rua Manoel Experidi\u00e3o, s\/n\u00ba). O requerimento para os dois eventos \u00e9 do deputado Durval \u00c2ngelo (PT).<\/p>\n<p>De acordo com o parlamentar, as v\u00edtimas alegam que estariam sendo perseguidas por trabalhar na preserva\u00e7\u00e3o do Monumento Natural Estadual V\u00e1rzea do Lajeado, localizado em Milho Verde. \u201cA V\u00e1rzea do Lajeado e a Serra do Raio representam uma \u00e1rea de grande import\u00e2ncia paisag\u00edstica e ambiental para os habitantes da regi\u00e3o do Alto Vale do Jequitinhonha, al\u00e9m de abrigar grande diversidade de habitats e esp\u00e9cies\u201d, afirmou o deputado. Segundo Durval \u00c2ngelo, nos locais, nascem importantes rios e c\u00f3rregos como o Rio Capivar\u00ed, o Rio das Pedras, o C\u00f3rrego do Lajeado e o C\u00f3rrego do Feij\u00e3o. (ALMG)<\/p>\n","protected":false},"excerpt":{"rendered":"<p>V\u00edtimas alegam que estariam sofrendo persegui\u00e7\u00e3o por defesa de causas ambientais. Visita e reuni\u00e3o acontecem no dia 10. A Comiss\u00e3o de Direitos Humanos da Assembleia Legislativa de Minas Gerais (ALMG) vai ao distrito de Milho Verde, no munic\u00edpio de Serro (Regi\u00e3o Central), na quinta-feira (10\/7\/14), para visita e audi\u00eancia p\u00fablica. A visita, marcada para \u00e0s [&hellip;]<\/p>\n","protected":false},"author":1,"featured_media":33734,"comment_status":"open","ping_status":"closed","sticky":false,"template":"","format":"standard","meta":{"amp_status":"","footnotes":""},"categories":[123],"tags":[10146,10145,154],"class_list":["post-33733","post","type-post","status-publish","format-standard","has-post-thumbnail","hentry","category-gerais","tag-atentados-contra-ambientalistas-em-milho-verde","tag-comissao-de-direitos-humanos-vai-ao-serro-discutir-atentados","tag-serro"],"_links":{"self":[{"href":"https:\/\/aconteceunovale.com.br\/portal\/index.php?rest_route=\/wp\/v2\/posts\/33733","targetHints":{"allow":["GET"]}}],"collection":[{"href":"https:\/\/aconteceunovale.com.br\/portal\/index.php?rest_route=\/wp\/v2\/posts"}],"about":[{"href":"https:\/\/aconteceunovale.com.br\/portal\/index.php?rest_route=\/wp\/v2\/types\/post"}],"author":[{"embeddable":true,"href":"https:\/\/aconteceunovale.com.br\/portal\/index.php?rest_route=\/wp\/v2\/users\/1"}],"replies":[{"embeddable":true,"href":"https:\/\/aconteceunovale.com.br\/portal\/index.php?rest_route=%2Fwp%2Fv2%2Fcomments&post=33733"}],"version-history":[{"count":0,"href":"https:\/\/aconteceunovale.com.br\/portal\/index.php?rest_route=\/wp\/v2\/posts\/33733\/revisions"}],"wp:featuredmedia":[{"embeddable":true,"href":"https:\/\/aconteceunovale.com.br\/portal\/index.php?rest_route=\/wp\/v2\/media\/33734"}],"wp:attachment":[{"href":"https:\/\/aconteceunovale.com.br\/portal\/index.php?rest_route=%2Fwp%2Fv2%2Fmedia&parent=33733"}],"wp:term":[{"taxonomy":"category","embeddable":true,"href":"https:\/\/aconteceunovale.com.br\/portal\/index.php?rest_route=%2Fwp%2Fv2%2Fcategories&post=33733"},{"taxonomy":"post_tag","embeddable":true,"href":"https:\/\/aconteceunovale.com.br\/portal\/index.php?rest_route=%2Fwp%2Fv2%2Ftags&post=33733"}],"curies":[{"name":"wp","href":"https:\/\/api.w.org\/{rel}","templated":true}]}}