{"id":33727,"date":"2014-07-03T17:43:47","date_gmt":"2014-07-03T20:43:47","guid":{"rendered":"http:\/\/aconteceunovale.com.br\/portal\/?p=33727"},"modified":"2014-07-03T17:43:47","modified_gmt":"2014-07-03T20:43:47","slug":"dois-acidentes-deixam-um-morto-e-dois-feridos-na-br-381","status":"publish","type":"post","link":"https:\/\/aconteceunovale.com.br\/portal\/?p=33727","title":{"rendered":"Dois acidentes deixam um morto e dois feridos na BR-381"},"content":{"rendered":"<p>Dois acidentes deixaram um morto e dois feridos graves no fim da manh\u00e3 desta quinta-feira, 3 de julho, na BR-381, na Regi\u00e3o Central de Minas Gerais. <\/p>\n<p>No quil\u00f4metro 390, em Bar\u00e3o de Cocais, a batida entre um carro de passeio e um \u00f4nibus da empresa P\u00e1ssaro Verde deixou duas v\u00edtimas presas \u00e0s ferragens. Elas foram resgatadas pelo Corpo de Bombeiros, com apoio do helic\u00f3ptero da corpora\u00e7\u00e3o, e encaminhadas para atendimento m\u00e9dico.<\/p>\n<p><img decoding=\"async\" src=\"http:\/\/aconteceunovale.com.br\/portal\/wp-content\/uploads\/2014\/07\/acidente_381_3_7_2.jpg\" alt=\"\" \/><em>(Duas pessoas ficaram presas \u00e0s ferragens &#8211; Foto: Claudinei Silva)<\/em><br \/>\n<\/br><\/p>\n<p>No quil\u00f4metro 437, em Sabar\u00e1, um motociclista morreu ap\u00f3s uma colis\u00e3o frontal entre uma moto e uma caminhonete. Equipes de socorro foram acionadas, mas n\u00e3o conseguiram salvar a vida do rapaz, que sofreu diversos ferimentos.<\/p>\n<p>A pista ficou parcialmente interditada e o tr\u00e2nsito lento nos dois sentidos. De acordo com testemunhas, o homem, que estava numa moto com placa da Bahia, morreu cerca de 40 minutos ap\u00f3s o acidente. Ele fazia uma ultrapassagem quando atingiu de frente a picape.<\/p>\n<p><img decoding=\"async\" src=\"http:\/\/aconteceunovale.com.br\/portal\/wp-content\/uploads\/2014\/07\/acidente_381_3_7_1.jpg\" alt=\"\" \/><em>(Motociclista n\u00e3o resistiu aos ferimentos e morreu &#8211; Foto: Reprodu\u00e7\u00e3o \/ Facebook)<\/em><\/p>\n","protected":false},"excerpt":{"rendered":"<p>Dois acidentes deixaram um morto e dois feridos graves no fim da manh\u00e3 desta quinta-feira, 3 de julho, na BR-381, na Regi\u00e3o Central de Minas Gerais. No quil\u00f4metro 390, em Bar\u00e3o de Cocais, a batida entre um carro de passeio e um \u00f4nibus da empresa P\u00e1ssaro Verde deixou duas v\u00edtimas presas \u00e0s ferragens. Elas foram [&hellip;]<\/p>\n","protected":false},"author":1,"featured_media":33729,"comment_status":"open","ping_status":"closed","sticky":false,"template":"","format":"standard","meta":{"amp_status":"","footnotes":""},"categories":[123],"tags":[10139,1525,1018,10138,10141,10140,10143,10142,1779],"class_list":["post-33727","post","type-post","status-publish","format-standard","has-post-thumbnail","hentry","category-gerais","tag-acidentes-na-br-381-no-dia-3-de-julho","tag-barao-de-cocais","tag-destaque","tag-dois-acidentes-deixam-um-morto-e-dois-feridos-na-br-381","tag-fotos-da-br-381-em-sabara","tag-fotos-do-acidente-na-br-381-em-barao-de-cocais","tag-informacoes-do-acidente-na-br-381-em-barao-de-cocais","tag-informacoes-do-acidente-na-br-381-em-sabara","tag-sabara"],"_links":{"self":[{"href":"https:\/\/aconteceunovale.com.br\/portal\/index.php?rest_route=\/wp\/v2\/posts\/33727","targetHints":{"allow":["GET"]}}],"collection":[{"href":"https:\/\/aconteceunovale.com.br\/portal\/index.php?rest_route=\/wp\/v2\/posts"}],"about":[{"href":"https:\/\/aconteceunovale.com.br\/portal\/index.php?rest_route=\/wp\/v2\/types\/post"}],"author":[{"embeddable":true,"href":"https:\/\/aconteceunovale.com.br\/portal\/index.php?rest_route=\/wp\/v2\/users\/1"}],"replies":[{"embeddable":true,"href":"https:\/\/aconteceunovale.com.br\/portal\/index.php?rest_route=%2Fwp%2Fv2%2Fcomments&post=33727"}],"version-history":[{"count":0,"href":"https:\/\/aconteceunovale.com.br\/portal\/index.php?rest_route=\/wp\/v2\/posts\/33727\/revisions"}],"wp:featuredmedia":[{"embeddable":true,"href":"https:\/\/aconteceunovale.com.br\/portal\/index.php?rest_route=\/wp\/v2\/media\/33729"}],"wp:attachment":[{"href":"https:\/\/aconteceunovale.com.br\/portal\/index.php?rest_route=%2Fwp%2Fv2%2Fmedia&parent=33727"}],"wp:term":[{"taxonomy":"category","embeddable":true,"href":"https:\/\/aconteceunovale.com.br\/portal\/index.php?rest_route=%2Fwp%2Fv2%2Fcategories&post=33727"},{"taxonomy":"post_tag","embeddable":true,"href":"https:\/\/aconteceunovale.com.br\/portal\/index.php?rest_route=%2Fwp%2Fv2%2Ftags&post=33727"}],"curies":[{"name":"wp","href":"https:\/\/api.w.org\/{rel}","templated":true}]}}