{"id":33725,"date":"2014-07-03T17:13:27","date_gmt":"2014-07-03T20:13:27","guid":{"rendered":"http:\/\/aconteceunovale.com.br\/portal\/?p=33725"},"modified":"2014-07-03T17:13:27","modified_gmt":"2014-07-03T20:13:27","slug":"mae-e-padrasto-que-mataram-crianca-no-leste-de-minas-foram-transferidos-de-presidio","status":"publish","type":"post","link":"https:\/\/aconteceunovale.com.br\/portal\/?p=33725","title":{"rendered":"M\u00e3e e padrasto que mataram crian\u00e7a no Leste de Minas foram transferidos de pres\u00eddio"},"content":{"rendered":"<p>Jos\u00e9 Matheus da Silva e Josina Concebida Moys\u00e9s, padrasto e m\u00e3e acusados de agredirem at\u00e9 a morte a crian\u00e7a Jo\u00e3o Paulo Camilo, de 6 anos, e torturarem outras duas crian\u00e7as de 4 e 5 anos na zona rural de Santa B\u00e1rbara do Leste, foram transferidos de unidade prisional. De acordo com a Subsecretaria de Administra\u00e7\u00e3o Prisional (Suapi), os dois j\u00e1 est\u00e3o no pres\u00eddio de Ponte Nova\/MG. <\/p>\n<p>Segundo nota divulgada, a detenta Josina Concebida Moys\u00e9s, de 36 anos, deu entrada no Complexo Penitenci\u00e1rio de Ponte Nova, na Zona da Mata, ontem (02\/07), \u00e0s 20 horas. Na manh\u00e3 desta quinta-feira (03\/07), Josina foi submetida a um exame de sangue para a confirma\u00e7\u00e3o da gravidez. A diretoria do Complexo Penitenci\u00e1rio aguarda o resultado.<\/p>\n<p>O preso Jos\u00e9 Mateus da Silva, de 35 anos, tamb\u00e9m foi transferido ontem (02\/07), dando entrada no Complexo Penitenci\u00e1rio de Ponte Nova \u00e0s 20 horas.<\/p>\n<p><img decoding=\"async\" src=\"http:\/\/aconteceunovale.com.br\/portal\/wp-content\/uploads\/2014\/06\/tortura_santa_barbara_do_leste_presos.jpg\" alt=\"\" \/><\/p>\n<p><em>(Foto e informa\u00e7\u00f5es da TV Super Canal)<\/em><\/p>\n","protected":false},"excerpt":{"rendered":"<p>Jos\u00e9 Matheus da Silva e Josina Concebida Moys\u00e9s, padrasto e m\u00e3e acusados de agredirem at\u00e9 a morte a crian\u00e7a Jo\u00e3o Paulo Camilo, de 6 anos, e torturarem outras duas crian\u00e7as de 4 e 5 anos na zona rural de Santa B\u00e1rbara do Leste, foram transferidos de unidade prisional. De acordo com a Subsecretaria de Administra\u00e7\u00e3o [&hellip;]<\/p>\n","protected":false},"author":1,"featured_media":33363,"comment_status":"open","ping_status":"closed","sticky":false,"template":"","format":"standard","meta":{"amp_status":"","footnotes":""},"categories":[121],"tags":[237,1018,10137,9939,10136,217,311],"class_list":["post-33725","post","type-post","status-publish","format-standard","has-post-thumbnail","hentry","category-leste","tag-caratinga","tag-destaque","tag-jose-matheus-da-silva","tag-josina-concebida-moyses","tag-mae-e-padrasto-que-mataram-crianca-no-leste-de-minas-foram-transferidos-de-presidio","tag-ponte-nova","tag-santa-barbara-do-leste"],"_links":{"self":[{"href":"https:\/\/aconteceunovale.com.br\/portal\/index.php?rest_route=\/wp\/v2\/posts\/33725","targetHints":{"allow":["GET"]}}],"collection":[{"href":"https:\/\/aconteceunovale.com.br\/portal\/index.php?rest_route=\/wp\/v2\/posts"}],"about":[{"href":"https:\/\/aconteceunovale.com.br\/portal\/index.php?rest_route=\/wp\/v2\/types\/post"}],"author":[{"embeddable":true,"href":"https:\/\/aconteceunovale.com.br\/portal\/index.php?rest_route=\/wp\/v2\/users\/1"}],"replies":[{"embeddable":true,"href":"https:\/\/aconteceunovale.com.br\/portal\/index.php?rest_route=%2Fwp%2Fv2%2Fcomments&post=33725"}],"version-history":[{"count":0,"href":"https:\/\/aconteceunovale.com.br\/portal\/index.php?rest_route=\/wp\/v2\/posts\/33725\/revisions"}],"wp:featuredmedia":[{"embeddable":true,"href":"https:\/\/aconteceunovale.com.br\/portal\/index.php?rest_route=\/wp\/v2\/media\/33363"}],"wp:attachment":[{"href":"https:\/\/aconteceunovale.com.br\/portal\/index.php?rest_route=%2Fwp%2Fv2%2Fmedia&parent=33725"}],"wp:term":[{"taxonomy":"category","embeddable":true,"href":"https:\/\/aconteceunovale.com.br\/portal\/index.php?rest_route=%2Fwp%2Fv2%2Fcategories&post=33725"},{"taxonomy":"post_tag","embeddable":true,"href":"https:\/\/aconteceunovale.com.br\/portal\/index.php?rest_route=%2Fwp%2Fv2%2Ftags&post=33725"}],"curies":[{"name":"wp","href":"https:\/\/api.w.org\/{rel}","templated":true}]}}