{"id":33722,"date":"2014-07-03T16:56:31","date_gmt":"2014-07-03T19:56:31","guid":{"rendered":"http:\/\/aconteceunovale.com.br\/portal\/?p=33722"},"modified":"2014-07-03T16:56:31","modified_gmt":"2014-07-03T19:56:31","slug":"homem-e-encontrado-morto-dentro-de-casa-em-caratinga","status":"publish","type":"post","link":"https:\/\/aconteceunovale.com.br\/portal\/?p=33722","title":{"rendered":"Homem \u00e9 encontrado morto dentro de casa em Caratinga"},"content":{"rendered":"<p>O corpo de Wanderli Placides Sales, de 43 anos, foi encontrado nesta quinta-feira (03\/07) dentro de sua resid\u00eancia, ca\u00eddo no colch\u00e3o que estava no ch\u00e3o da sala. A resid\u00eancia fica localizada na Rua Itanhomim, no bairro Santa Cruz, em Caratinga\/MG. <\/p>\n<p>A per\u00edcia t\u00e9cnica da Pol\u00edcia Civil foi acionada para apurar a causa de morte. Aparentemente, ficou constatada morte natural, por\u00e9m, o corpo foi encaminhado ao IML de Caratinga para averigua\u00e7\u00e3o e confirma\u00e7\u00e3o da causa de morte.<\/p>\n<p>Wanderli morava com um amigo, Rog\u00e9rio, que ontem foi levado \u00e0s pressas ao Pronto Atendimento Municipal de Caratinga em virtude de um mal estar instant\u00e2neo. A jovem Mara\u00edsa Santos Coelho, filha de Rog\u00e9rio, contou que Wanderli ajudou no socorro de seu pai e hoje pela manh\u00e3 lamentou e estranhou a not\u00edcia de falecimento do tamb\u00e9m amigo.<\/p>\n<p>Na casa n\u00e3o havia sinal de arrombamento e o corpo da v\u00edtima n\u00e3o apresentava sinais de viol\u00eancia, descartando, a princ\u00edpio, a hip\u00f3tese de um crime. O caso segue em apura\u00e7\u00e3o.<\/p>\n<p><img decoding=\"async\" src=\"http:\/\/aconteceunovale.com.br\/portal\/wp-content\/uploads\/2014\/07\/encontrado_morto_caratinga_3_5_1.jpg\" alt=\"\" \/><\/p>\n<p><strong><em>(Fonte: TV Super Canal)<\/em><\/strong><\/p>\n","protected":false},"excerpt":{"rendered":"<p>O corpo de Wanderli Placides Sales, de 43 anos, foi encontrado nesta quinta-feira (03\/07) dentro de sua resid\u00eancia, ca\u00eddo no colch\u00e3o que estava no ch\u00e3o da sala. A resid\u00eancia fica localizada na Rua Itanhomim, no bairro Santa Cruz, em Caratinga\/MG. A per\u00edcia t\u00e9cnica da Pol\u00edcia Civil foi acionada para apurar a causa de morte. Aparentemente, [&hellip;]<\/p>\n","protected":false},"author":1,"featured_media":33723,"comment_status":"open","ping_status":"closed","sticky":false,"template":"","format":"standard","meta":{"amp_status":"","footnotes":""},"categories":[121],"tags":[237,10133,10135,10134],"class_list":["post-33722","post","type-post","status-publish","format-standard","has-post-thumbnail","hentry","category-leste","tag-caratinga","tag-homem-e-encontrado-morto-dentro-de-casa-em-caratinga","tag-homem-encontrado-morto-dentro-de-casa-em-caratinga","tag-wanderli-placides-sales"],"_links":{"self":[{"href":"https:\/\/aconteceunovale.com.br\/portal\/index.php?rest_route=\/wp\/v2\/posts\/33722","targetHints":{"allow":["GET"]}}],"collection":[{"href":"https:\/\/aconteceunovale.com.br\/portal\/index.php?rest_route=\/wp\/v2\/posts"}],"about":[{"href":"https:\/\/aconteceunovale.com.br\/portal\/index.php?rest_route=\/wp\/v2\/types\/post"}],"author":[{"embeddable":true,"href":"https:\/\/aconteceunovale.com.br\/portal\/index.php?rest_route=\/wp\/v2\/users\/1"}],"replies":[{"embeddable":true,"href":"https:\/\/aconteceunovale.com.br\/portal\/index.php?rest_route=%2Fwp%2Fv2%2Fcomments&post=33722"}],"version-history":[{"count":0,"href":"https:\/\/aconteceunovale.com.br\/portal\/index.php?rest_route=\/wp\/v2\/posts\/33722\/revisions"}],"wp:featuredmedia":[{"embeddable":true,"href":"https:\/\/aconteceunovale.com.br\/portal\/index.php?rest_route=\/wp\/v2\/media\/33723"}],"wp:attachment":[{"href":"https:\/\/aconteceunovale.com.br\/portal\/index.php?rest_route=%2Fwp%2Fv2%2Fmedia&parent=33722"}],"wp:term":[{"taxonomy":"category","embeddable":true,"href":"https:\/\/aconteceunovale.com.br\/portal\/index.php?rest_route=%2Fwp%2Fv2%2Fcategories&post=33722"},{"taxonomy":"post_tag","embeddable":true,"href":"https:\/\/aconteceunovale.com.br\/portal\/index.php?rest_route=%2Fwp%2Fv2%2Ftags&post=33722"}],"curies":[{"name":"wp","href":"https:\/\/api.w.org\/{rel}","templated":true}]}}