{"id":33695,"date":"2014-07-03T15:17:25","date_gmt":"2014-07-03T18:17:25","guid":{"rendered":"http:\/\/aconteceunovale.com.br\/portal\/?p=33695"},"modified":"2014-07-03T15:17:25","modified_gmt":"2014-07-03T18:17:25","slug":"trem-de-carga-bate-em-carro-parado-em-cima-do-trilho-no-leste-de-minas","status":"publish","type":"post","link":"https:\/\/aconteceunovale.com.br\/portal\/?p=33695","title":{"rendered":"Trem de carga bate em carro parado em cima do trilho no Leste de Minas"},"content":{"rendered":"<p>Um acidente envolvendo um ve\u00edculo de passeio e um trem de carga da empresa Vale foi registrado na manh\u00e3 dessa quinta-feira, 3 de julho, em Ipatinga\/MG. Segundo a Pol\u00edcia Militar, a condutora do ve\u00edculo estava a caminho do aeroporto e teria avan\u00e7ado a sinaliza\u00e7\u00e3o da linha f\u00e9rrea, ocasionando o acidente.<\/p>\n<p>De acordo com a motorista, Mariana Carla Alves de Lana, quando ela chegou \u00e0 linha f\u00e9rrea, a cancela estava aberta e por isso tentou atravessar, porem, foi surpreendida com o fechamento, quando j\u00e1 estava no cruzamento.<\/p>\n<p>Ainda segundo a condutora, o ve\u00edculo desligou e n\u00e3o ligou novamente, e os ocupantes do carro tiveram que abandonar o ve\u00edculo. O carro foi arrastado por alguns metros at\u00e9 sair dos trilhos. No ve\u00edculo estavam quatro pessoas e ningu\u00e9m se feriu.<\/p>\n<p>A empresa Vale informou por meio de nota que na hora do incidente uma das cancelas estava em manuten\u00e7\u00e3o preventiva, mas o local estava devidamente sinalizado com cones e o sinal vermelho acionado, proibindo a passagem de ve\u00edculos.<\/p>\n<p>&#8220;Mesmo com todas as medidas de seguran\u00e7a adotadas, o carro invadiu a passagem em n\u00edvel e parou em cima da linha. Ao avistar a situa\u00e7\u00e3o, o \u201ccanceleiro\u201d liberou a cancela para passagem do ve\u00edculo, mas o condutor n\u00e3o conseguiu retir\u00e1-lo. Devido \u00e0 aproxima\u00e7\u00e3o do trem, os passageiros foram ent\u00e3o orientados a deixar o ve\u00edculo&#8221;, diz a nota.<\/p>\n<p>Ainda segundo a Vale, o maquinista que operava o trem acionou os freios de emerg\u00eancia para evitar o acidente, mas n\u00e3o houve tempo suficiente, e ressaltou ainda que o C\u00f3digo de Tr\u00e2nsito Brasileiro determina a prefer\u00eancia de circula\u00e7\u00e3o dos trens, e que o Artigo 212 define como infra\u00e7\u00e3o grav\u00edssima &#8220;deixar de parar o ve\u00edculo antes de transpor a linha f\u00e9rrea&#8221;.<\/p>\n<p><img decoding=\"async\" src=\"http:\/\/aconteceunovale.com.br\/portal\/wp-content\/uploads\/2014\/07\/acidente_trem_vale_ipa_3_7_1.jpg\" alt=\"\" \/><\/p>\n<p><img decoding=\"async\" src=\"http:\/\/aconteceunovale.com.br\/portal\/wp-content\/uploads\/2014\/07\/acidente_trem_vale_ipa_3_7_2.jpg\" alt=\"\" \/><\/p>\n<p><strong><em>(Fotos: Wilkson Tarres \/ Fonte: Inter TV dos Vales)<\/em><\/strong><\/p>\n","protected":false},"excerpt":{"rendered":"<p>Um acidente envolvendo um ve\u00edculo de passeio e um trem de carga da empresa Vale foi registrado na manh\u00e3 dessa quinta-feira, 3 de julho, em Ipatinga\/MG. Segundo a Pol\u00edcia Militar, a condutora do ve\u00edculo estava a caminho do aeroporto e teria avan\u00e7ado a sinaliza\u00e7\u00e3o da linha f\u00e9rrea, ocasionando o acidente. De acordo com a motorista, [&hellip;]<\/p>\n","protected":false},"author":1,"featured_media":33696,"comment_status":"open","ping_status":"closed","sticky":false,"template":"","format":"standard","meta":{"amp_status":"","footnotes":""},"categories":[121],"tags":[10123,1018,10124,10122,10121,10120],"class_list":["post-33695","post","type-post","status-publish","format-standard","has-post-thumbnail","hentry","category-leste","tag-acidente-com-trem-da-vale-em-ipatinga","tag-destaque","tag-fotos-do-acidente-com-trem-da-vale-em-ipatinga","tag-mariana-carla-alves-de-lana","tag-trem-de-carga-bate-em-carro-parado-em-cima-do-trilho-em-ipatinga","tag-trem-de-carga-bate-em-carro-parado-em-cima-do-trilho-no-leste-de-minas"],"_links":{"self":[{"href":"https:\/\/aconteceunovale.com.br\/portal\/index.php?rest_route=\/wp\/v2\/posts\/33695","targetHints":{"allow":["GET"]}}],"collection":[{"href":"https:\/\/aconteceunovale.com.br\/portal\/index.php?rest_route=\/wp\/v2\/posts"}],"about":[{"href":"https:\/\/aconteceunovale.com.br\/portal\/index.php?rest_route=\/wp\/v2\/types\/post"}],"author":[{"embeddable":true,"href":"https:\/\/aconteceunovale.com.br\/portal\/index.php?rest_route=\/wp\/v2\/users\/1"}],"replies":[{"embeddable":true,"href":"https:\/\/aconteceunovale.com.br\/portal\/index.php?rest_route=%2Fwp%2Fv2%2Fcomments&post=33695"}],"version-history":[{"count":0,"href":"https:\/\/aconteceunovale.com.br\/portal\/index.php?rest_route=\/wp\/v2\/posts\/33695\/revisions"}],"wp:featuredmedia":[{"embeddable":true,"href":"https:\/\/aconteceunovale.com.br\/portal\/index.php?rest_route=\/wp\/v2\/media\/33696"}],"wp:attachment":[{"href":"https:\/\/aconteceunovale.com.br\/portal\/index.php?rest_route=%2Fwp%2Fv2%2Fmedia&parent=33695"}],"wp:term":[{"taxonomy":"category","embeddable":true,"href":"https:\/\/aconteceunovale.com.br\/portal\/index.php?rest_route=%2Fwp%2Fv2%2Fcategories&post=33695"},{"taxonomy":"post_tag","embeddable":true,"href":"https:\/\/aconteceunovale.com.br\/portal\/index.php?rest_route=%2Fwp%2Fv2%2Ftags&post=33695"}],"curies":[{"name":"wp","href":"https:\/\/api.w.org\/{rel}","templated":true}]}}