{"id":33685,"date":"2014-07-03T14:26:33","date_gmt":"2014-07-03T17:26:33","guid":{"rendered":"http:\/\/aconteceunovale.com.br\/portal\/?p=33685"},"modified":"2014-07-03T14:26:33","modified_gmt":"2014-07-03T17:26:33","slug":"supermercado-tera-que-indenizar-cliente-acusado-injustamente-de-furto","status":"publish","type":"post","link":"https:\/\/aconteceunovale.com.br\/portal\/?p=33685","title":{"rendered":"Supermercado ter\u00e1 que indenizar cliente acusado injustamente de furto"},"content":{"rendered":"<p>O supermercado Epa ter\u00e1 que indenizar a consumidora E.J.F, por danos morais, em R$ 7 mil, devido \u00e0 atitude de um funcion\u00e1rio da empresa que a abordou porque desconfiava que ela tivesse praticado um furto. A decis\u00e3o \u00e9 da 14\u00aa C\u00e2mara C\u00edvel do Tribunal de Justi\u00e7a de Minas Gerais (TJMG), que confirmou a senten\u00e7a do juiz Renato Luiz Faraco, da 20\u00aa Vara C\u00edvel de Belo Horizonte.<\/p>\n<p>E ajuizou a\u00e7\u00e3o contra o supermercado pedindo indeniza\u00e7\u00e3o pelo constrangimento e humilha\u00e7\u00e3o que sofreu. Ela narra, nos autos, que, em 20 de agosto de 2009, foi at\u00e9 o estabelecimento fazer compras. Ap\u00f3s o pagamento, foi abordada por um dos seguran\u00e7as, que afirmou que ela estaria furtando um creme da marca N\u00edvea. A consumidora disse que foi levada a um c\u00f4modo, onde teve que se despir, e nada foi encontrado.  <\/p>\n<p>Em sua defesa, o estabelecimento argumentou que a abordagem foi realizada de forma discreta, no exerc\u00edcio regular do direito, e sustentou que c\u00e2maras haviam filmado a consumidora escondendo entre os seios um pote do cosm\u00e9tico.<\/p>\n<p>O juiz de Primeira Inst\u00e2ncia fixou em R$ 7 mil a indeniza\u00e7\u00e3o. O supermercado recorreu ao Tribunal. O relator Rog\u00e9rio Medeiros ressaltou, em seu voto, que a loja n\u00e3o comprovou suas alega\u00e7\u00f5es, pois n\u00e3o mostrou a filmagem em que a consumidora esconderia o produto. Al\u00e9m disso, a suposta testemunha, ouvida no processo, n\u00e3o havia presenciado os fatos. Os desembargadores Estev\u00e3o Lucchesi e Marco Aurelio Ferenzini votaram de acordo com o relator. (TJMG)<\/p>\n","protected":false},"excerpt":{"rendered":"<p>O supermercado Epa ter\u00e1 que indenizar a consumidora E.J.F, por danos morais, em R$ 7 mil, devido \u00e0 atitude de um funcion\u00e1rio da empresa que a abordou porque desconfiava que ela tivesse praticado um furto. A decis\u00e3o \u00e9 da 14\u00aa C\u00e2mara C\u00edvel do Tribunal de Justi\u00e7a de Minas Gerais (TJMG), que confirmou a senten\u00e7a do [&hellip;]<\/p>\n","protected":false},"author":1,"featured_media":21635,"comment_status":"open","ping_status":"closed","sticky":false,"template":"","format":"standard","meta":{"amp_status":"","footnotes":""},"categories":[123],"tags":[194,10111,10110],"class_list":["post-33685","post","type-post","status-publish","format-standard","has-post-thumbnail","hentry","category-gerais","tag-belo-horizonte","tag-supermercado-epa","tag-supermercado-tera-que-indenizar-cliente-acusado-injustamente-de-furto"],"_links":{"self":[{"href":"https:\/\/aconteceunovale.com.br\/portal\/index.php?rest_route=\/wp\/v2\/posts\/33685","targetHints":{"allow":["GET"]}}],"collection":[{"href":"https:\/\/aconteceunovale.com.br\/portal\/index.php?rest_route=\/wp\/v2\/posts"}],"about":[{"href":"https:\/\/aconteceunovale.com.br\/portal\/index.php?rest_route=\/wp\/v2\/types\/post"}],"author":[{"embeddable":true,"href":"https:\/\/aconteceunovale.com.br\/portal\/index.php?rest_route=\/wp\/v2\/users\/1"}],"replies":[{"embeddable":true,"href":"https:\/\/aconteceunovale.com.br\/portal\/index.php?rest_route=%2Fwp%2Fv2%2Fcomments&post=33685"}],"version-history":[{"count":0,"href":"https:\/\/aconteceunovale.com.br\/portal\/index.php?rest_route=\/wp\/v2\/posts\/33685\/revisions"}],"wp:featuredmedia":[{"embeddable":true,"href":"https:\/\/aconteceunovale.com.br\/portal\/index.php?rest_route=\/wp\/v2\/media\/21635"}],"wp:attachment":[{"href":"https:\/\/aconteceunovale.com.br\/portal\/index.php?rest_route=%2Fwp%2Fv2%2Fmedia&parent=33685"}],"wp:term":[{"taxonomy":"category","embeddable":true,"href":"https:\/\/aconteceunovale.com.br\/portal\/index.php?rest_route=%2Fwp%2Fv2%2Fcategories&post=33685"},{"taxonomy":"post_tag","embeddable":true,"href":"https:\/\/aconteceunovale.com.br\/portal\/index.php?rest_route=%2Fwp%2Fv2%2Ftags&post=33685"}],"curies":[{"name":"wp","href":"https:\/\/api.w.org\/{rel}","templated":true}]}}