{"id":33682,"date":"2014-07-03T12:50:38","date_gmt":"2014-07-03T15:50:38","guid":{"rendered":"http:\/\/aconteceunovale.com.br\/portal\/?p=33682"},"modified":"2014-07-03T12:50:38","modified_gmt":"2014-07-03T15:50:38","slug":"familia-procura-rapaz-desaparecido-em-teofilo-otoni","status":"publish","type":"post","link":"https:\/\/aconteceunovale.com.br\/portal\/?p=33682","title":{"rendered":"Fam\u00edlia procura rapaz desaparecido em Te\u00f3filo Otoni"},"content":{"rendered":"<p>Tiago Soares da Silva desapareceu misteriosamente na \u00faltima segunda-feira, 30 de junho, em Te\u00f3filo Otoni, no Vale do Mucuri. De acordo com familiares, o rapaz saiu para trabalhar e n\u00e3o chegou ao servi\u00e7o.<\/p>\n<p>Quando foi visto pela \u00faltima vez, Tiago usava uma bermuda preta, camisa marrom, estava cal\u00e7ado com chinelos e carregava uma bolsa contendo uma marmita para o almo\u00e7o.<\/p>\n<p>Quem souber alguma informa\u00e7\u00e3o sobre o seu paradeiro entre em contato com a Pol\u00edcia Militar, Pol\u00edcia Civil ou com o telefone disponibilizado pela fam\u00edlia (33) 8819-3062.<\/p>\n<p><img decoding=\"async\" src=\"http:\/\/aconteceunovale.com.br\/portal\/wp-content\/uploads\/2014\/07\/desaparecido_teo_thiago.jpg\" alt=\"\" \/><em>(Foto: Arquivo da fam\u00edlia \/ Reprodu\u00e7\u00e3o)<\/em><\/p>\n","protected":false},"excerpt":{"rendered":"<p>Tiago Soares da Silva desapareceu misteriosamente na \u00faltima segunda-feira, 30 de junho, em Te\u00f3filo Otoni, no Vale do Mucuri. De acordo com familiares, o rapaz saiu para trabalhar e n\u00e3o chegou ao servi\u00e7o. Quando foi visto pela \u00faltima vez, Tiago usava uma bermuda preta, camisa marrom, estava cal\u00e7ado com chinelos e carregava uma bolsa contendo [&hellip;]<\/p>\n","protected":false},"author":1,"featured_media":33683,"comment_status":"open","ping_status":"closed","sticky":false,"template":"","format":"standard","meta":{"amp_status":"","footnotes":""},"categories":[122],"tags":[10108,164,10109],"class_list":["post-33682","post","type-post","status-publish","format-standard","has-post-thumbnail","hentry","category-mucuri","tag-familia-procura-rapaz-desaparecido-em-teofilo-otoni","tag-teofilo-otoni","tag-tiago-soares-da-silva"],"_links":{"self":[{"href":"https:\/\/aconteceunovale.com.br\/portal\/index.php?rest_route=\/wp\/v2\/posts\/33682","targetHints":{"allow":["GET"]}}],"collection":[{"href":"https:\/\/aconteceunovale.com.br\/portal\/index.php?rest_route=\/wp\/v2\/posts"}],"about":[{"href":"https:\/\/aconteceunovale.com.br\/portal\/index.php?rest_route=\/wp\/v2\/types\/post"}],"author":[{"embeddable":true,"href":"https:\/\/aconteceunovale.com.br\/portal\/index.php?rest_route=\/wp\/v2\/users\/1"}],"replies":[{"embeddable":true,"href":"https:\/\/aconteceunovale.com.br\/portal\/index.php?rest_route=%2Fwp%2Fv2%2Fcomments&post=33682"}],"version-history":[{"count":0,"href":"https:\/\/aconteceunovale.com.br\/portal\/index.php?rest_route=\/wp\/v2\/posts\/33682\/revisions"}],"wp:featuredmedia":[{"embeddable":true,"href":"https:\/\/aconteceunovale.com.br\/portal\/index.php?rest_route=\/wp\/v2\/media\/33683"}],"wp:attachment":[{"href":"https:\/\/aconteceunovale.com.br\/portal\/index.php?rest_route=%2Fwp%2Fv2%2Fmedia&parent=33682"}],"wp:term":[{"taxonomy":"category","embeddable":true,"href":"https:\/\/aconteceunovale.com.br\/portal\/index.php?rest_route=%2Fwp%2Fv2%2Fcategories&post=33682"},{"taxonomy":"post_tag","embeddable":true,"href":"https:\/\/aconteceunovale.com.br\/portal\/index.php?rest_route=%2Fwp%2Fv2%2Ftags&post=33682"}],"curies":[{"name":"wp","href":"https:\/\/api.w.org\/{rel}","templated":true}]}}